{"id":6423,"date":"2022-07-05T10:54:43","date_gmt":"2022-07-05T08:54:43","guid":{"rendered":"https:\/\/www.unionjumelages.com\/?p=6423"},"modified":"2022-07-05T17:28:42","modified_gmt":"2022-07-05T15:28:42","slug":"rencontre-rennes-reutlingen","status":"publish","type":"post","link":"https:\/\/www.unionjumelages.com\/index.php\/2022\/07\/05\/rencontre-rennes-reutlingen\/","title":{"rendered":"Rencontre Rennes-Reutlingen 2022"},"content":{"rendered":"\t\t<div data-elementor-type=\"wp-post\" data-elementor-id=\"6423\" class=\"elementor elementor-6423\" data-elementor-settings=\"[]\">\n\t\t\t\t\t\t\t<div class=\"elementor-section-wrap\">\n\t\t\t\t\t\t\t<section class=\"elementor-section elementor-top-section elementor-element elementor-element-1cdac89 elementor-section-boxed elementor-section-height-default elementor-section-height-default\" data-id=\"1cdac89\" data-element_type=\"section\">\n\t\t\t\t\t\t<div class=\"elementor-container elementor-column-gap-default\">\n\t\t\t\t\t<div class=\"elementor-column elementor-col-100 elementor-top-column elementor-element elementor-element-28ef727\" data-id=\"28ef727\" data-element_type=\"column\">\n\t\t\t<div class=\"elementor-widget-wrap elementor-element-populated\">\n\t\t\t\t\t\t\t\t<div class=\"elementor-element elementor-element-2f9a591 elementor-widget elementor-widget-spacer\" data-id=\"2f9a591\" data-element_type=\"widget\" data-widget_type=\"spacer.default\">\n\t\t\t\t<div class=\"elementor-widget-container\">\n\t\t\t\t\t<div class=\"elementor-spacer\">\n\t\t\t<div class=\"elementor-spacer-inner\"><\/div>\n\t\t<\/div>\n\t\t\t\t<\/div>\n\t\t\t\t<\/div>\n\t\t\t\t<div class=\"elementor-element elementor-element-5127332 elementor-widget elementor-widget-heading\" data-id=\"5127332\" data-element_type=\"widget\" data-widget_type=\"heading.default\">\n\t\t\t\t<div class=\"elementor-widget-container\">\n\t\t\t<h2 class=\"elementor-heading-title elementor-size-default\">Rencontre Rennes \u2013 Reutlingen 2022<\/h2>\t\t<\/div>\n\t\t\t\t<\/div>\n\t\t\t\t\t<\/div>\n\t\t<\/div>\n\t\t\t\t\t\t\t<\/div>\n\t\t<\/section>\n\t\t\t\t<section class=\"elementor-section elementor-top-section elementor-element elementor-element-0b834e5 elementor-section-boxed elementor-section-height-default elementor-section-height-default\" data-id=\"0b834e5\" data-element_type=\"section\">\n\t\t\t\t\t\t<div class=\"elementor-container elementor-column-gap-default\">\n\t\t\t\t\t<div class=\"elementor-column elementor-col-33 elementor-top-column elementor-element elementor-element-4b4ff9d\" data-id=\"4b4ff9d\" data-element_type=\"column\">\n\t\t\t<div class=\"elementor-widget-wrap elementor-element-populated\">\n\t\t\t\t\t\t\t\t<div class=\"elementor-element elementor-element-c49f5c5 elementor-widget elementor-widget-spacer\" data-id=\"c49f5c5\" data-element_type=\"widget\" data-widget_type=\"spacer.default\">\n\t\t\t\t<div class=\"elementor-widget-container\">\n\t\t\t\t\t<div class=\"elementor-spacer\">\n\t\t\t<div class=\"elementor-spacer-inner\"><\/div>\n\t\t<\/div>\n\t\t\t\t<\/div>\n\t\t\t\t<\/div>\n\t\t\t\t<div class=\"elementor-element elementor-element-4ececc9 elementor-widget elementor-widget-text-editor\" data-id=\"4ececc9\" data-element_type=\"widget\" data-widget_type=\"text-editor.default\">\n\t\t\t\t<div class=\"elementor-widget-container\">\n\t\t\t\t\t\t\t<p>C\u2019est la 49<sup>\u00e8me<\/sup> ann\u00e9e de rencontres avec nos amis allemands de Reutlingen. Nous passons une semaine de vacances ensemble tous les ans. Cette ann\u00e9e c\u2019\u00e9tait \u00e0 nous de l\u2019organiser.<\/p><p>Apr\u00e8s deux ann\u00e9es de report, nous \u00e9tions au total 54 personnes r\u00e9unies du 19 juin au 26 juin au Manoir de la Canche \u00e0 Huby-Saint-Leu.<\/p><p>Nous avons choisi de visiter la Picardie. Les allemands ne connaissaient pas cette r\u00e9gion, et la plupart des fran\u00e7ais non plus. Tout le monde a \u00e9t\u00e9 surpris de la beaut\u00e9 du paysage et des villes, ainsi que de la qualit\u00e9 de l\u2019accueil et de la restauration locale.<\/p><p>Bien entendu, nous avons visit\u00e9 d\u00e8s le premier jour les caps Gris -Nez et Blanc-nez, suivis de la visite de Calais et de son mus\u00e9e (\u00e0 voir) de la dentelle.<\/p><p>L\u2019abbaye et les jardins remarquables de Valloires surtout en cette saison, les places d\u2019Arras et la carri\u00e8re de Wellington, site militaire de la guerre 14-18 nous ont occup\u00e9s la deuxi\u00e8me journ\u00e9e.<\/p><p>Pour le repos du chauffeur, une animation locale nous a permis de d\u00e9couvrir, en marchant, le parc du manoir et la grande for\u00eat de Hesdin.<\/p><p>Hesdin est en comp\u00e9tition pour la d\u00e9signation du plus beau village de France. Nous avons aussi profit\u00e9 de son tr\u00e8s grand march\u00e9, avant d\u2019aller visiter Montreuil-sur-mer et ses murailles. En n\u2019oubliant pas d\u2019\u00e9voquer Victor Hugo qui y avait install\u00e9 son personnage Jean Valjean comme maire.<\/p><p>La c\u00f4te est magnifique, m\u00eame pour des bretons\u00a0! nous avons pu le constater \u00e0 nouveau en visitant Mers-les-Bains puis la baie de Somme dans un train \u00e0 vapeur entre Saint Val\u00e9ry et Le Crotoy.<\/p><p>Pour la derni\u00e8re journ\u00e9e, nous avons su profiter de l\u2019immense cath\u00e9drale d\u2019Amiens puis de ses fameux hortillonnages.<\/p><p>Toute cette semaine a \u00e9t\u00e9 une d\u00e9couverte permanente autant pour les fran\u00e7ais que pour les allemands.<\/p><p>L\u2019ann\u00e9e prochaine nos amis allemands nous accueilleront au bord du lac de Constance.<\/p>\t\t\t\t\t\t<\/div>\n\t\t\t\t<\/div>\n\t\t\t\t<div class=\"elementor-element elementor-element-e783640 elementor-widget elementor-widget-spacer\" data-id=\"e783640\" data-element_type=\"widget\" data-widget_type=\"spacer.default\">\n\t\t\t\t<div class=\"elementor-widget-container\">\n\t\t\t\t\t<div class=\"elementor-spacer\">\n\t\t\t<div class=\"elementor-spacer-inner\"><\/div>\n\t\t<\/div>\n\t\t\t\t<\/div>\n\t\t\t\t<\/div>\n\t\t\t\t<div class=\"elementor-element elementor-element-6b1d0ad elementor-align-center elementor-widget elementor-widget-button\" data-id=\"6b1d0ad\" data-element_type=\"widget\" data-widget_type=\"button.default\">\n\t\t\t\t<div class=\"elementor-widget-container\">\n\t\t\t\t\t<div class=\"elementor-button-wrapper\">\n\t\t\t<a href=\"mailto:yveskerebel35@gmail.com\" class=\"elementor-button-link elementor-button elementor-size-sm\" role=\"button\">\n\t\t\t\t\t\t<span class=\"elementor-button-content-wrapper\">\n\t\t\t\t\t\t<span class=\"elementor-button-text\">Contactez Rennes<\/span>\n\t\t<\/span>\n\t\t\t\t\t<\/a>\n\t\t<\/div>\n\t\t\t\t<\/div>\n\t\t\t\t<\/div>\n\t\t\t\t<div class=\"elementor-element elementor-element-f1c84ec elementor-widget elementor-widget-spacer\" data-id=\"f1c84ec\" data-element_type=\"widget\" data-widget_type=\"spacer.default\">\n\t\t\t\t<div class=\"elementor-widget-container\">\n\t\t\t\t\t<div class=\"elementor-spacer\">\n\t\t\t<div class=\"elementor-spacer-inner\"><\/div>\n\t\t<\/div>\n\t\t\t\t<\/div>\n\t\t\t\t<\/div>\n\t\t\t\t\t<\/div>\n\t\t<\/div>\n\t\t\t\t<div class=\"elementor-column elementor-col-66 elementor-top-column elementor-element elementor-element-afef236\" data-id=\"afef236\" data-element_type=\"column\">\n\t\t\t<div class=\"elementor-widget-wrap elementor-element-populated\">\n\t\t\t\t\t\t\t\t<div class=\"elementor-element elementor-element-e4de0ef elementor-widget elementor-widget-image\" data-id=\"e4de0ef\" data-element_type=\"widget\" data-widget_type=\"image.default\">\n\t\t\t\t<div class=\"elementor-widget-container\">\n\t\t\t\t\t\t\t\t\t\t\t\t\t\t\t<img loading=\"lazy\" decoding=\"async\" width=\"800\" height=\"600\" src=\"https:\/\/www.unionjumelages.com\/wp-content\/uploads\/2022\/06\/Groupe-mer-Rennes-1024x768.jpg\" class=\"attachment-large size-large\" alt=\"\" srcset=\"https:\/\/www.unionjumelages.com\/wp-content\/uploads\/2022\/06\/Groupe-mer-Rennes-1024x768.jpg 1024w, https:\/\/www.unionjumelages.com\/wp-content\/uploads\/2022\/06\/Groupe-mer-Rennes-300x225.jpg 300w, https:\/\/www.unionjumelages.com\/wp-content\/uploads\/2022\/06\/Groupe-mer-Rennes-768x576.jpg 768w, https:\/\/www.unionjumelages.com\/wp-content\/uploads\/2022\/06\/Groupe-mer-Rennes-1536x1152.jpg 1536w, https:\/\/www.unionjumelages.com\/wp-content\/uploads\/2022\/06\/Groupe-mer-Rennes-2048x1536.jpg 2048w\" sizes=\"(max-width: 800px) 100vw, 800px\" \/>\t\t\t\t\t\t\t\t\t\t\t\t\t\t\t<\/div>\n\t\t\t\t<\/div>\n\t\t\t\t<div class=\"elementor-element elementor-element-3491121 elementor-widget elementor-widget-image\" data-id=\"3491121\" data-element_type=\"widget\" data-widget_type=\"image.default\">\n\t\t\t\t<div class=\"elementor-widget-container\">\n\t\t\t\t\t\t\t\t\t\t\t\t\t\t\t<img loading=\"lazy\" decoding=\"async\" width=\"800\" height=\"600\" src=\"https:\/\/www.unionjumelages.com\/wp-content\/uploads\/2022\/06\/Calais-1024x768.jpg\" class=\"attachment-large size-large\" alt=\"\" srcset=\"https:\/\/www.unionjumelages.com\/wp-content\/uploads\/2022\/06\/Calais-1024x768.jpg 1024w, https:\/\/www.unionjumelages.com\/wp-content\/uploads\/2022\/06\/Calais-300x225.jpg 300w, https:\/\/www.unionjumelages.com\/wp-content\/uploads\/2022\/06\/Calais-768x576.jpg 768w, https:\/\/www.unionjumelages.com\/wp-content\/uploads\/2022\/06\/Calais-1536x1152.jpg 1536w, https:\/\/www.unionjumelages.com\/wp-content\/uploads\/2022\/06\/Calais-2048x1536.jpg 2048w\" sizes=\"(max-width: 800px) 100vw, 800px\" \/>\t\t\t\t\t\t\t\t\t\t\t\t\t\t\t<\/div>\n\t\t\t\t<\/div>\n\t\t\t\t<div class=\"elementor-element elementor-element-0385663 elementor-widget elementor-widget-image\" data-id=\"0385663\" data-element_type=\"widget\" data-widget_type=\"image.default\">\n\t\t\t\t<div class=\"elementor-widget-container\">\n\t\t\t\t\t\t\t\t\t\t\t\t\t\t\t<img loading=\"lazy\" decoding=\"async\" width=\"800\" height=\"600\" src=\"https:\/\/www.unionjumelages.com\/wp-content\/uploads\/2022\/06\/Groupe-Rennes-pelouse-1024x768.jpg\" class=\"attachment-large size-large\" alt=\"\" srcset=\"https:\/\/www.unionjumelages.com\/wp-content\/uploads\/2022\/06\/Groupe-Rennes-pelouse-1024x768.jpg 1024w, https:\/\/www.unionjumelages.com\/wp-content\/uploads\/2022\/06\/Groupe-Rennes-pelouse-300x225.jpg 300w, https:\/\/www.unionjumelages.com\/wp-content\/uploads\/2022\/06\/Groupe-Rennes-pelouse-768x576.jpg 768w, https:\/\/www.unionjumelages.com\/wp-content\/uploads\/2022\/06\/Groupe-Rennes-pelouse-1536x1152.jpg 1536w, https:\/\/www.unionjumelages.com\/wp-content\/uploads\/2022\/06\/Groupe-Rennes-pelouse-2048x1536.jpg 2048w\" sizes=\"(max-width: 800px) 100vw, 800px\" \/>\t\t\t\t\t\t\t\t\t\t\t\t\t\t\t<\/div>\n\t\t\t\t<\/div>\n\t\t\t\t<div class=\"elementor-element elementor-element-0c7d05c elementor-widget elementor-widget-text-editor\" data-id=\"0c7d05c\" data-element_type=\"widget\" data-widget_type=\"text-editor.default\">\n\t\t\t\t<div class=\"elementor-widget-container\">\n\t\t\t\t\t\t\t\t\t\t\t\t\t<\/div>\n\t\t\t\t<\/div>\n\t\t\t\t\t<\/div>\n\t\t<\/div>\n\t\t\t\t\t\t\t<\/div>\n\t\t<\/section>\n\t\t\t\t<section class=\"elementor-section elementor-top-section elementor-element elementor-element-87d8799 elementor-section-boxed elementor-section-height-default elementor-section-height-default\" data-id=\"87d8799\" data-element_type=\"section\">\n\t\t\t\t\t\t<div class=\"elementor-container elementor-column-gap-default\">\n\t\t\t\t\t<div class=\"elementor-column elementor-col-50 elementor-top-column elementor-element elementor-element-f9b5ee9\" data-id=\"f9b5ee9\" data-element_type=\"column\">\n\t\t\t<div class=\"elementor-widget-wrap\">\n\t\t\t\t\t\t\t\t\t<\/div>\n\t\t<\/div>\n\t\t\t\t<div class=\"elementor-column elementor-col-50 elementor-top-column elementor-element elementor-element-a9384ec\" data-id=\"a9384ec\" data-element_type=\"column\">\n\t\t\t<div class=\"elementor-widget-wrap\">\n\t\t\t\t\t\t\t\t\t<\/div>\n\t\t<\/div>\n\t\t\t\t\t\t\t<\/div>\n\t\t<\/section>\n\t\t\t\t\t\t<\/div>\n\t\t\t\t\t<\/div>\n\t\t","protected":false},"excerpt":{"rendered":"<p>Visites en Picardie pour les Jumeleurs bretons et allemands<\/p>\n","protected":false},"author":1,"featured_media":6428,"comment_status":"open","ping_status":"open","sticky":false,"template":"elementor_header_footer","format":"standard","meta":{"footnotes":""},"categories":[5],"tags":[],"class_list":["post-6423","post","type-post","status-publish","format-standard","has-post-thumbnail","hentry","category-vie-associative"],"yoast_head":"<!-- This site is optimized with the Yoast SEO plugin v25.3.1 - https:\/\/yoast.com\/wordpress\/plugins\/seo\/ -->\n<title>Rencontre Rennes-Reutlingen 2022 - Union Jumelages<\/title>\n<meta name=\"robots\" content=\"index, follow, max-snippet:-1, max-image-preview:large, max-video-preview:-1\" \/>\n<link rel=\"canonical\" href=\"https:\/\/www.unionjumelages.com\/index.php\/2022\/07\/05\/rencontre-rennes-reutlingen\/\" \/>\n<meta property=\"og:locale\" content=\"en_US\" \/>\n<meta property=\"og:type\" content=\"article\" \/>\n<meta property=\"og:title\" content=\"Rencontre Rennes-Reutlingen 2022 - Union Jumelages\" \/>\n<meta property=\"og:description\" content=\"Visites en Picardie pour les Jumeleurs bretons et allemands\" \/>\n<meta property=\"og:url\" content=\"https:\/\/www.unionjumelages.com\/index.php\/2022\/07\/05\/rencontre-rennes-reutlingen\/\" \/>\n<meta property=\"og:site_name\" content=\"Union Jumelages\" \/>\n<meta property=\"article:published_time\" content=\"2022-07-05T08:54:43+00:00\" \/>\n<meta property=\"article:modified_time\" content=\"2022-07-05T15:28:42+00:00\" \/>\n<meta property=\"og:image\" content=\"https:\/\/www.unionjumelages.com\/wp-content\/uploads\/2022\/06\/Calais-2-scaled.jpg\" \/>\n\t<meta property=\"og:image:width\" content=\"2560\" \/>\n\t<meta property=\"og:image:height\" content=\"1920\" \/>\n\t<meta property=\"og:image:type\" content=\"image\/jpeg\" \/>\n<meta name=\"author\" content=\"Admin\" \/>\n<meta name=\"twitter:card\" content=\"summary_large_image\" \/>\n<meta name=\"twitter:label1\" content=\"Written by\" \/>\n\t<meta name=\"twitter:data1\" content=\"Admin\" \/>\n\t<meta name=\"twitter:label2\" content=\"Est. reading time\" \/>\n\t<meta name=\"twitter:data2\" content=\"2 minutes\" \/>\n<script type=\"application\/ld+json\" class=\"yoast-schema-graph\">{\"@context\":\"https:\/\/schema.org\",\"@graph\":[{\"@type\":\"Article\",\"@id\":\"https:\/\/www.unionjumelages.com\/index.php\/2022\/07\/05\/rencontre-rennes-reutlingen\/#article\",\"isPartOf\":{\"@id\":\"https:\/\/www.unionjumelages.com\/index.php\/2022\/07\/05\/rencontre-rennes-reutlingen\/\"},\"author\":{\"name\":\"Admin\",\"@id\":\"https:\/\/www.unionjumelages.com\/#\/schema\/person\/30d99fce985b1ea8051e9a761aff8f70\"},\"headline\":\"Rencontre Rennes-Reutlingen 2022\",\"datePublished\":\"2022-07-05T08:54:43+00:00\",\"dateModified\":\"2022-07-05T15:28:42+00:00\",\"mainEntityOfPage\":{\"@id\":\"https:\/\/www.unionjumelages.com\/index.php\/2022\/07\/05\/rencontre-rennes-reutlingen\/\"},\"wordCount\":350,\"commentCount\":0,\"publisher\":{\"@id\":\"https:\/\/www.unionjumelages.com\/#organization\"},\"image\":{\"@id\":\"https:\/\/www.unionjumelages.com\/index.php\/2022\/07\/05\/rencontre-rennes-reutlingen\/#primaryimage\"},\"thumbnailUrl\":\"https:\/\/www.unionjumelages.com\/wp-content\/uploads\/2022\/06\/Calais-2-scaled.jpg\",\"articleSection\":[\"Vie associative\"],\"inLanguage\":\"en-US\",\"potentialAction\":[{\"@type\":\"CommentAction\",\"name\":\"Comment\",\"target\":[\"https:\/\/www.unionjumelages.com\/index.php\/2022\/07\/05\/rencontre-rennes-reutlingen\/#respond\"]}]},{\"@type\":\"WebPage\",\"@id\":\"https:\/\/www.unionjumelages.com\/index.php\/2022\/07\/05\/rencontre-rennes-reutlingen\/\",\"url\":\"https:\/\/www.unionjumelages.com\/index.php\/2022\/07\/05\/rencontre-rennes-reutlingen\/\",\"name\":\"Rencontre Rennes-Reutlingen 2022 - Union Jumelages\",\"isPartOf\":{\"@id\":\"https:\/\/www.unionjumelages.com\/#website\"},\"primaryImageOfPage\":{\"@id\":\"https:\/\/www.unionjumelages.com\/index.php\/2022\/07\/05\/rencontre-rennes-reutlingen\/#primaryimage\"},\"image\":{\"@id\":\"https:\/\/www.unionjumelages.com\/index.php\/2022\/07\/05\/rencontre-rennes-reutlingen\/#primaryimage\"},\"thumbnailUrl\":\"https:\/\/www.unionjumelages.com\/wp-content\/uploads\/2022\/06\/Calais-2-scaled.jpg\",\"datePublished\":\"2022-07-05T08:54:43+00:00\",\"dateModified\":\"2022-07-05T15:28:42+00:00\",\"breadcrumb\":{\"@id\":\"https:\/\/www.unionjumelages.com\/index.php\/2022\/07\/05\/rencontre-rennes-reutlingen\/#breadcrumb\"},\"inLanguage\":\"en-US\",\"potentialAction\":[{\"@type\":\"ReadAction\",\"target\":[\"https:\/\/www.unionjumelages.com\/index.php\/2022\/07\/05\/rencontre-rennes-reutlingen\/\"]}]},{\"@type\":\"ImageObject\",\"inLanguage\":\"en-US\",\"@id\":\"https:\/\/www.unionjumelages.com\/index.php\/2022\/07\/05\/rencontre-rennes-reutlingen\/#primaryimage\",\"url\":\"https:\/\/www.unionjumelages.com\/wp-content\/uploads\/2022\/06\/Calais-2-scaled.jpg\",\"contentUrl\":\"https:\/\/www.unionjumelages.com\/wp-content\/uploads\/2022\/06\/Calais-2-scaled.jpg\",\"width\":2560,\"height\":1920,\"caption\":\"SAMSUNG DIGITAL CAMERA\"},{\"@type\":\"BreadcrumbList\",\"@id\":\"https:\/\/www.unionjumelages.com\/index.php\/2022\/07\/05\/rencontre-rennes-reutlingen\/#breadcrumb\",\"itemListElement\":[{\"@type\":\"ListItem\",\"position\":1,\"name\":\"Accueil\",\"item\":\"https:\/\/www.unionjumelages.com\/\"},{\"@type\":\"ListItem\",\"position\":2,\"name\":\"Rencontre Rennes-Reutlingen 2022\"}]},{\"@type\":\"WebSite\",\"@id\":\"https:\/\/www.unionjumelages.com\/#website\",\"url\":\"https:\/\/www.unionjumelages.com\/\",\"name\":\"Union Jumelages\",\"description\":\"Un site utilisant WordPress\",\"publisher\":{\"@id\":\"https:\/\/www.unionjumelages.com\/#organization\"},\"potentialAction\":[{\"@type\":\"SearchAction\",\"target\":{\"@type\":\"EntryPoint\",\"urlTemplate\":\"https:\/\/www.unionjumelages.com\/?s={search_term_string}\"},\"query-input\":{\"@type\":\"PropertyValueSpecification\",\"valueRequired\":true,\"valueName\":\"search_term_string\"}}],\"inLanguage\":\"en-US\"},{\"@type\":\"Organization\",\"@id\":\"https:\/\/www.unionjumelages.com\/#organization\",\"name\":\"Union Jumelages\",\"url\":\"https:\/\/www.unionjumelages.com\/\",\"logo\":{\"@type\":\"ImageObject\",\"inLanguage\":\"en-US\",\"@id\":\"https:\/\/www.unionjumelages.com\/#\/schema\/logo\/image\/\",\"url\":\"https:\/\/www.unionjumelages.com\/wp-content\/uploads\/2021\/03\/cropped-union-jumelages.jpg\",\"contentUrl\":\"https:\/\/www.unionjumelages.com\/wp-content\/uploads\/2021\/03\/cropped-union-jumelages.jpg\",\"width\":113,\"height\":95,\"caption\":\"Union Jumelages\"},\"image\":{\"@id\":\"https:\/\/www.unionjumelages.com\/#\/schema\/logo\/image\/\"}},{\"@type\":\"Person\",\"@id\":\"https:\/\/www.unionjumelages.com\/#\/schema\/person\/30d99fce985b1ea8051e9a761aff8f70\",\"name\":\"Admin\",\"image\":{\"@type\":\"ImageObject\",\"inLanguage\":\"en-US\",\"@id\":\"https:\/\/www.unionjumelages.com\/#\/schema\/person\/image\/\",\"url\":\"https:\/\/secure.gravatar.com\/avatar\/30cfcdafa1380b7e07a91661c4a92d2c?s=96&d=mm&r=g\",\"contentUrl\":\"https:\/\/secure.gravatar.com\/avatar\/30cfcdafa1380b7e07a91661c4a92d2c?s=96&d=mm&r=g\",\"caption\":\"Admin\"},\"sameAs\":[\"https:\/\/www.unionjumelages.com\"],\"url\":\"https:\/\/www.unionjumelages.com\/index.php\/author\/admin\/\"}]}<\/script>\n<!-- \/ Yoast SEO plugin. -->","yoast_head_json":{"title":"Rencontre Rennes-Reutlingen 2022 - Union Jumelages","robots":{"index":"index","follow":"follow","max-snippet":"max-snippet:-1","max-image-preview":"max-image-preview:large","max-video-preview":"max-video-preview:-1"},"canonical":"https:\/\/www.unionjumelages.com\/index.php\/2022\/07\/05\/rencontre-rennes-reutlingen\/","og_locale":"en_US","og_type":"article","og_title":"Rencontre Rennes-Reutlingen 2022 - Union Jumelages","og_description":"Visites en Picardie pour les Jumeleurs bretons et allemands","og_url":"https:\/\/www.unionjumelages.com\/index.php\/2022\/07\/05\/rencontre-rennes-reutlingen\/","og_site_name":"Union Jumelages","article_published_time":"2022-07-05T08:54:43+00:00","article_modified_time":"2022-07-05T15:28:42+00:00","og_image":[{"width":2560,"height":1920,"url":"https:\/\/www.unionjumelages.com\/wp-content\/uploads\/2022\/06\/Calais-2-scaled.jpg","type":"image\/jpeg"}],"author":"Admin","twitter_card":"summary_large_image","twitter_misc":{"Written by":"Admin","Est. reading time":"2 minutes"},"schema":{"@context":"https:\/\/schema.org","@graph":[{"@type":"Article","@id":"https:\/\/www.unionjumelages.com\/index.php\/2022\/07\/05\/rencontre-rennes-reutlingen\/#article","isPartOf":{"@id":"https:\/\/www.unionjumelages.com\/index.php\/2022\/07\/05\/rencontre-rennes-reutlingen\/"},"author":{"name":"Admin","@id":"https:\/\/www.unionjumelages.com\/#\/schema\/person\/30d99fce985b1ea8051e9a761aff8f70"},"headline":"Rencontre Rennes-Reutlingen 2022","datePublished":"2022-07-05T08:54:43+00:00","dateModified":"2022-07-05T15:28:42+00:00","mainEntityOfPage":{"@id":"https:\/\/www.unionjumelages.com\/index.php\/2022\/07\/05\/rencontre-rennes-reutlingen\/"},"wordCount":350,"commentCount":0,"publisher":{"@id":"https:\/\/www.unionjumelages.com\/#organization"},"image":{"@id":"https:\/\/www.unionjumelages.com\/index.php\/2022\/07\/05\/rencontre-rennes-reutlingen\/#primaryimage"},"thumbnailUrl":"https:\/\/www.unionjumelages.com\/wp-content\/uploads\/2022\/06\/Calais-2-scaled.jpg","articleSection":["Vie associative"],"inLanguage":"en-US","potentialAction":[{"@type":"CommentAction","name":"Comment","target":["https:\/\/www.unionjumelages.com\/index.php\/2022\/07\/05\/rencontre-rennes-reutlingen\/#respond"]}]},{"@type":"WebPage","@id":"https:\/\/www.unionjumelages.com\/index.php\/2022\/07\/05\/rencontre-rennes-reutlingen\/","url":"https:\/\/www.unionjumelages.com\/index.php\/2022\/07\/05\/rencontre-rennes-reutlingen\/","name":"Rencontre Rennes-Reutlingen 2022 - Union Jumelages","isPartOf":{"@id":"https:\/\/www.unionjumelages.com\/#website"},"primaryImageOfPage":{"@id":"https:\/\/www.unionjumelages.com\/index.php\/2022\/07\/05\/rencontre-rennes-reutlingen\/#primaryimage"},"image":{"@id":"https:\/\/www.unionjumelages.com\/index.php\/2022\/07\/05\/rencontre-rennes-reutlingen\/#primaryimage"},"thumbnailUrl":"https:\/\/www.unionjumelages.com\/wp-content\/uploads\/2022\/06\/Calais-2-scaled.jpg","datePublished":"2022-07-05T08:54:43+00:00","dateModified":"2022-07-05T15:28:42+00:00","breadcrumb":{"@id":"https:\/\/www.unionjumelages.com\/index.php\/2022\/07\/05\/rencontre-rennes-reutlingen\/#breadcrumb"},"inLanguage":"en-US","potentialAction":[{"@type":"ReadAction","target":["https:\/\/www.unionjumelages.com\/index.php\/2022\/07\/05\/rencontre-rennes-reutlingen\/"]}]},{"@type":"ImageObject","inLanguage":"en-US","@id":"https:\/\/www.unionjumelages.com\/index.php\/2022\/07\/05\/rencontre-rennes-reutlingen\/#primaryimage","url":"https:\/\/www.unionjumelages.com\/wp-content\/uploads\/2022\/06\/Calais-2-scaled.jpg","contentUrl":"https:\/\/www.unionjumelages.com\/wp-content\/uploads\/2022\/06\/Calais-2-scaled.jpg","width":2560,"height":1920,"caption":"SAMSUNG DIGITAL CAMERA"},{"@type":"BreadcrumbList","@id":"https:\/\/www.unionjumelages.com\/index.php\/2022\/07\/05\/rencontre-rennes-reutlingen\/#breadcrumb","itemListElement":[{"@type":"ListItem","position":1,"name":"Accueil","item":"https:\/\/www.unionjumelages.com\/"},{"@type":"ListItem","position":2,"name":"Rencontre Rennes-Reutlingen 2022"}]},{"@type":"WebSite","@id":"https:\/\/www.unionjumelages.com\/#website","url":"https:\/\/www.unionjumelages.com\/","name":"Union Jumelages","description":"Un site utilisant WordPress","publisher":{"@id":"https:\/\/www.unionjumelages.com\/#organization"},"potentialAction":[{"@type":"SearchAction","target":{"@type":"EntryPoint","urlTemplate":"https:\/\/www.unionjumelages.com\/?s={search_term_string}"},"query-input":{"@type":"PropertyValueSpecification","valueRequired":true,"valueName":"search_term_string"}}],"inLanguage":"en-US"},{"@type":"Organization","@id":"https:\/\/www.unionjumelages.com\/#organization","name":"Union Jumelages","url":"https:\/\/www.unionjumelages.com\/","logo":{"@type":"ImageObject","inLanguage":"en-US","@id":"https:\/\/www.unionjumelages.com\/#\/schema\/logo\/image\/","url":"https:\/\/www.unionjumelages.com\/wp-content\/uploads\/2021\/03\/cropped-union-jumelages.jpg","contentUrl":"https:\/\/www.unionjumelages.com\/wp-content\/uploads\/2021\/03\/cropped-union-jumelages.jpg","width":113,"height":95,"caption":"Union Jumelages"},"image":{"@id":"https:\/\/www.unionjumelages.com\/#\/schema\/logo\/image\/"}},{"@type":"Person","@id":"https:\/\/www.unionjumelages.com\/#\/schema\/person\/30d99fce985b1ea8051e9a761aff8f70","name":"Admin","image":{"@type":"ImageObject","inLanguage":"en-US","@id":"https:\/\/www.unionjumelages.com\/#\/schema\/person\/image\/","url":"https:\/\/secure.gravatar.com\/avatar\/30cfcdafa1380b7e07a91661c4a92d2c?s=96&d=mm&r=g","contentUrl":"https:\/\/secure.gravatar.com\/avatar\/30cfcdafa1380b7e07a91661c4a92d2c?s=96&d=mm&r=g","caption":"Admin"},"sameAs":["https:\/\/www.unionjumelages.com"],"url":"https:\/\/www.unionjumelages.com\/index.php\/author\/admin\/"}]}},"_links":{"self":[{"href":"https:\/\/www.unionjumelages.com\/index.php\/wp-json\/wp\/v2\/posts\/6423"}],"collection":[{"href":"https:\/\/www.unionjumelages.com\/index.php\/wp-json\/wp\/v2\/posts"}],"about":[{"href":"https:\/\/www.unionjumelages.com\/index.php\/wp-json\/wp\/v2\/types\/post"}],"author":[{"embeddable":true,"href":"https:\/\/www.unionjumelages.com\/index.php\/wp-json\/wp\/v2\/users\/1"}],"replies":[{"embeddable":true,"href":"https:\/\/www.unionjumelages.com\/index.php\/wp-json\/wp\/v2\/comments?post=6423"}],"version-history":[{"count":7,"href":"https:\/\/www.unionjumelages.com\/index.php\/wp-json\/wp\/v2\/posts\/6423\/revisions"}],"predecessor-version":[{"id":6434,"href":"https:\/\/www.unionjumelages.com\/index.php\/wp-json\/wp\/v2\/posts\/6423\/revisions\/6434"}],"wp:featuredmedia":[{"embeddable":true,"href":"https:\/\/www.unionjumelages.com\/index.php\/wp-json\/wp\/v2\/media\/6428"}],"wp:attachment":[{"href":"https:\/\/www.unionjumelages.com\/index.php\/wp-json\/wp\/v2\/media?parent=6423"}],"wp:term":[{"taxonomy":"category","embeddable":true,"href":"https:\/\/www.unionjumelages.com\/index.php\/wp-json\/wp\/v2\/categories?post=6423"},{"taxonomy":"post_tag","embeddable":true,"href":"https:\/\/www.unionjumelages.com\/index.php\/wp-json\/wp\/v2\/tags?post=6423"}],"curies":[{"name":"wp","href":"https:\/\/api.w.org\/{rel}","templated":true}]}}