{"id":14980,"date":"2025-04-12T10:21:37","date_gmt":"2025-04-12T08:21:37","guid":{"rendered":"https:\/\/www.unionjumelages.com\/?p=14980"},"modified":"2025-06-24T10:15:32","modified_gmt":"2025-06-24T08:15:32","slug":"sejours-a-la-neige-2026","status":"publish","type":"post","link":"https:\/\/www.unionjumelages.com\/index.php\/2025\/04\/12\/sejours-a-la-neige-2026\/","title":{"rendered":"S\u00e9jours \u00e0 la neige 2026"},"content":{"rendered":"\t\t<div data-elementor-type=\"wp-post\" data-elementor-id=\"14980\" class=\"elementor elementor-14980\" data-elementor-settings=\"[]\">\n\t\t\t\t\t\t\t<div class=\"elementor-section-wrap\">\n\t\t\t\t\t\t\t<section class=\"elementor-section elementor-top-section elementor-element elementor-element-1cdac89 elementor-section-boxed elementor-section-height-default elementor-section-height-default\" data-id=\"1cdac89\" data-element_type=\"section\">\n\t\t\t\t\t\t<div class=\"elementor-container elementor-column-gap-default\">\n\t\t\t\t\t<div class=\"elementor-column elementor-col-100 elementor-top-column elementor-element elementor-element-28ef727\" data-id=\"28ef727\" data-element_type=\"column\">\n\t\t\t<div class=\"elementor-widget-wrap elementor-element-populated\">\n\t\t\t\t\t\t\t\t<div class=\"elementor-element elementor-element-2f9a591 elementor-widget elementor-widget-spacer\" data-id=\"2f9a591\" data-element_type=\"widget\" data-widget_type=\"spacer.default\">\n\t\t\t\t<div class=\"elementor-widget-container\">\n\t\t\t\t\t<div class=\"elementor-spacer\">\n\t\t\t<div class=\"elementor-spacer-inner\"><\/div>\n\t\t<\/div>\n\t\t\t\t<\/div>\n\t\t\t\t<\/div>\n\t\t\t\t<div class=\"elementor-element elementor-element-5127332 elementor-widget elementor-widget-heading\" data-id=\"5127332\" data-element_type=\"widget\" data-widget_type=\"heading.default\">\n\t\t\t\t<div class=\"elementor-widget-container\">\n\t\t\t<h2 class=\"elementor-heading-title elementor-size-default\">S\u00e9jour \u00e0 la montagne du 31 janvier au 7 f\u00e9vrier 2026\"<\/h2>\t\t<\/div>\n\t\t\t\t<\/div>\n\t\t\t\t<div class=\"elementor-element elementor-element-3d46b4e elementor-widget elementor-widget-spacer\" data-id=\"3d46b4e\" data-element_type=\"widget\" data-widget_type=\"spacer.default\">\n\t\t\t\t<div class=\"elementor-widget-container\">\n\t\t\t\t\t<div class=\"elementor-spacer\">\n\t\t\t<div class=\"elementor-spacer-inner\"><\/div>\n\t\t<\/div>\n\t\t\t\t<\/div>\n\t\t\t\t<\/div>\n\t\t\t\t\t<\/div>\n\t\t<\/div>\n\t\t\t\t\t\t\t<\/div>\n\t\t<\/section>\n\t\t\t\t<section class=\"elementor-section elementor-top-section elementor-element elementor-element-0b834e5 elementor-section-boxed elementor-section-height-default elementor-section-height-default\" data-id=\"0b834e5\" data-element_type=\"section\">\n\t\t\t\t\t\t<div class=\"elementor-container elementor-column-gap-default\">\n\t\t\t\t\t<div class=\"elementor-column elementor-col-33 elementor-top-column elementor-element elementor-element-4b4ff9d\" data-id=\"4b4ff9d\" data-element_type=\"column\">\n\t\t\t<div class=\"elementor-widget-wrap elementor-element-populated\">\n\t\t\t\t\t\t\t\t<div class=\"elementor-element elementor-element-6247b8f elementor-widget elementor-widget-image\" data-id=\"6247b8f\" data-element_type=\"widget\" data-widget_type=\"image.default\">\n\t\t\t\t<div class=\"elementor-widget-container\">\n\t\t\t\t\t\t\t\t\t\t\t\t\t\t\t<img loading=\"lazy\" decoding=\"async\" width=\"800\" height=\"458\" src=\"https:\/\/www.unionjumelages.com\/wp-content\/uploads\/2025\/06\/Neige-lanslebourg--1024x586.jpg\" class=\"attachment-large size-large\" alt=\"\" srcset=\"https:\/\/www.unionjumelages.com\/wp-content\/uploads\/2025\/06\/Neige-lanslebourg--1024x586.jpg 1024w, https:\/\/www.unionjumelages.com\/wp-content\/uploads\/2025\/06\/Neige-lanslebourg--300x172.jpg 300w, https:\/\/www.unionjumelages.com\/wp-content\/uploads\/2025\/06\/Neige-lanslebourg--768x440.jpg 768w, https:\/\/www.unionjumelages.com\/wp-content\/uploads\/2025\/06\/Neige-lanslebourg-.jpg 1224w\" sizes=\"(max-width: 800px) 100vw, 800px\" \/>\t\t\t\t\t\t\t\t\t\t\t\t\t\t\t<\/div>\n\t\t\t\t<\/div>\n\t\t\t\t<div class=\"elementor-element elementor-element-d2d9fb3 elementor-widget elementor-widget-image\" data-id=\"d2d9fb3\" data-element_type=\"widget\" data-widget_type=\"image.default\">\n\t\t\t\t<div class=\"elementor-widget-container\">\n\t\t\t\t\t\t\t\t\t\t\t\t\t\t\t<img loading=\"lazy\" decoding=\"async\" width=\"800\" height=\"411\" src=\"https:\/\/www.unionjumelages.com\/wp-content\/uploads\/2025\/06\/Neige-3-lanslebourg-2025-002-1024x526.jpg\" class=\"attachment-large size-large\" alt=\"\" srcset=\"https:\/\/www.unionjumelages.com\/wp-content\/uploads\/2025\/06\/Neige-3-lanslebourg-2025-002-1024x526.jpg 1024w, https:\/\/www.unionjumelages.com\/wp-content\/uploads\/2025\/06\/Neige-3-lanslebourg-2025-002-300x154.jpg 300w, https:\/\/www.unionjumelages.com\/wp-content\/uploads\/2025\/06\/Neige-3-lanslebourg-2025-002-768x395.jpg 768w, https:\/\/www.unionjumelages.com\/wp-content\/uploads\/2025\/06\/Neige-3-lanslebourg-2025-002.jpg 1230w\" sizes=\"(max-width: 800px) 100vw, 800px\" \/>\t\t\t\t\t\t\t\t\t\t\t\t\t\t\t<\/div>\n\t\t\t\t<\/div>\n\t\t\t\t<div class=\"elementor-element elementor-element-5ff6a0f elementor-widget elementor-widget-image\" data-id=\"5ff6a0f\" data-element_type=\"widget\" data-widget_type=\"image.default\">\n\t\t\t\t<div class=\"elementor-widget-container\">\n\t\t\t\t\t\t\t\t\t\t\t\t\t\t\t<img loading=\"lazy\" decoding=\"async\" width=\"800\" height=\"463\" src=\"https:\/\/www.unionjumelages.com\/wp-content\/uploads\/2025\/06\/Neige-4-lanslebourg-2025-002-1024x592.jpg\" class=\"attachment-large size-large\" alt=\"\" srcset=\"https:\/\/www.unionjumelages.com\/wp-content\/uploads\/2025\/06\/Neige-4-lanslebourg-2025-002-1024x592.jpg 1024w, https:\/\/www.unionjumelages.com\/wp-content\/uploads\/2025\/06\/Neige-4-lanslebourg-2025-002-300x173.jpg 300w, https:\/\/www.unionjumelages.com\/wp-content\/uploads\/2025\/06\/Neige-4-lanslebourg-2025-002-768x444.jpg 768w, https:\/\/www.unionjumelages.com\/wp-content\/uploads\/2025\/06\/Neige-4-lanslebourg-2025-002.jpg 1338w\" sizes=\"(max-width: 800px) 100vw, 800px\" \/>\t\t\t\t\t\t\t\t\t\t\t\t\t\t\t<\/div>\n\t\t\t\t<\/div>\n\t\t\t\t<div class=\"elementor-element elementor-element-8262636 elementor-widget elementor-widget-spacer\" data-id=\"8262636\" data-element_type=\"widget\" data-widget_type=\"spacer.default\">\n\t\t\t\t<div class=\"elementor-widget-container\">\n\t\t\t\t\t<div class=\"elementor-spacer\">\n\t\t\t<div class=\"elementor-spacer-inner\"><\/div>\n\t\t<\/div>\n\t\t\t\t<\/div>\n\t\t\t\t<\/div>\n\t\t\t\t<div class=\"elementor-element elementor-element-7687006 elementor-widget elementor-widget-spacer\" data-id=\"7687006\" data-element_type=\"widget\" data-widget_type=\"spacer.default\">\n\t\t\t\t<div class=\"elementor-widget-container\">\n\t\t\t\t\t<div class=\"elementor-spacer\">\n\t\t\t<div class=\"elementor-spacer-inner\"><\/div>\n\t\t<\/div>\n\t\t\t\t<\/div>\n\t\t\t\t<\/div>\n\t\t\t\t\t<\/div>\n\t\t<\/div>\n\t\t\t\t<div class=\"elementor-column elementor-col-66 elementor-top-column elementor-element elementor-element-afef236\" data-id=\"afef236\" data-element_type=\"column\">\n\t\t\t<div class=\"elementor-widget-wrap elementor-element-populated\">\n\t\t\t\t\t\t\t\t<div class=\"elementor-element elementor-element-0c7d05c elementor-widget elementor-widget-text-editor\" data-id=\"0c7d05c\" data-element_type=\"widget\" data-widget_type=\"text-editor.default\">\n\t\t\t\t<div class=\"elementor-widget-container\">\n\t\t\t\t\t\t\t<p>Amis Jumeleuses et Jumeleurs<\/p><p>Le jumelage Poste et T\u00e9l\u00e9coms de Ch\u00e2lons en Champagne organise comme chaque ann\u00e9e un s\u00e9jour \u00e0 la neige pour ses adh\u00e9rents, du 31 janvier au 7 f\u00e9vrier 2026. Nous avons choisi d&#8217;aller dans l&#8217;h\u00f4tel club trois \u00e9toiles MMV Le Panorama, aux deux Alpes.<\/p><p>A\u00a0 ce jour il reste quelques\u00a0 chambres disponibles pour deux personnes et vous \u00eates les bienvenus !<\/p><p>Pierrette Lurot<\/p>\t\t\t\t\t\t<\/div>\n\t\t\t\t<\/div>\n\t\t\t\t<div class=\"elementor-element elementor-element-bbd7a41 elementor-widget__width-auto elementor-widget elementor-widget-button\" data-id=\"bbd7a41\" data-element_type=\"widget\" data-widget_type=\"button.default\">\n\t\t\t\t<div class=\"elementor-widget-container\">\n\t\t\t\t\t<div class=\"elementor-button-wrapper\">\n\t\t\t<a href=\"https:\/\/www.unionjumelages.com\/wp-content\/uploads\/2025\/06\/Affiche-neige-jumelage-Chalons-2026-MMV-Les-deux-Alpes-31-janvier-au-7-fevrier-003.pdf\" target=\"_blank\" class=\"elementor-button-link elementor-button elementor-size-sm\" role=\"button\">\n\t\t\t\t\t\t<span class=\"elementor-button-content-wrapper\">\n\t\t\t\t\t\t<span class=\"elementor-button-text\">Bulletin d'inscription<\/span>\n\t\t<\/span>\n\t\t\t\t\t<\/a>\n\t\t<\/div>\n\t\t\t\t<\/div>\n\t\t\t\t<\/div>\n\t\t\t\t<div class=\"elementor-element elementor-element-17b8304 elementor-align-center elementor-widget__width-auto elementor-widget elementor-widget-button\" data-id=\"17b8304\" data-element_type=\"widget\" data-widget_type=\"button.default\">\n\t\t\t\t<div class=\"elementor-widget-container\">\n\t\t\t\t\t<div class=\"elementor-button-wrapper\">\n\t\t\t<a href=\"mailto:pierrette.lurot@wanadoo.fr\" class=\"elementor-button-link elementor-button elementor-size-sm\" role=\"button\">\n\t\t\t\t\t\t<span class=\"elementor-button-content-wrapper\">\n\t\t\t\t\t\t<span class=\"elementor-button-text\">Contactez Ch\u00e2lons-En-Champagne<\/span>\n\t\t<\/span>\n\t\t\t\t\t<\/a>\n\t\t<\/div>\n\t\t\t\t<\/div>\n\t\t\t\t<\/div>\n\t\t\t\t<div class=\"elementor-element elementor-element-f92f6d3 elementor-widget elementor-widget-spacer\" data-id=\"f92f6d3\" data-element_type=\"widget\" data-widget_type=\"spacer.default\">\n\t\t\t\t<div class=\"elementor-widget-container\">\n\t\t\t\t\t<div class=\"elementor-spacer\">\n\t\t\t<div class=\"elementor-spacer-inner\"><\/div>\n\t\t<\/div>\n\t\t\t\t<\/div>\n\t\t\t\t<\/div>\n\t\t\t\t<div class=\"elementor-element elementor-element-da82ccd elementor-widget elementor-widget-image\" data-id=\"da82ccd\" data-element_type=\"widget\" data-widget_type=\"image.default\">\n\t\t\t\t<div class=\"elementor-widget-container\">\n\t\t\t\t\t\t\t\t\t\t\t\t\t\t\t<img loading=\"lazy\" decoding=\"async\" width=\"800\" height=\"421\" src=\"https:\/\/www.unionjumelages.com\/wp-content\/uploads\/2025\/06\/neige-2-lanslebourg-2025-1024x539.jpg\" class=\"attachment-large size-large\" alt=\"\" srcset=\"https:\/\/www.unionjumelages.com\/wp-content\/uploads\/2025\/06\/neige-2-lanslebourg-2025-1024x539.jpg 1024w, https:\/\/www.unionjumelages.com\/wp-content\/uploads\/2025\/06\/neige-2-lanslebourg-2025-300x158.jpg 300w, https:\/\/www.unionjumelages.com\/wp-content\/uploads\/2025\/06\/neige-2-lanslebourg-2025-768x405.jpg 768w, https:\/\/www.unionjumelages.com\/wp-content\/uploads\/2025\/06\/neige-2-lanslebourg-2025-1536x809.jpg 1536w, https:\/\/www.unionjumelages.com\/wp-content\/uploads\/2025\/06\/neige-2-lanslebourg-2025-2048x1079.jpg 2048w\" sizes=\"(max-width: 800px) 100vw, 800px\" \/>\t\t\t\t\t\t\t\t\t\t\t\t\t\t\t<\/div>\n\t\t\t\t<\/div>\n\t\t\t\t\t<\/div>\n\t\t<\/div>\n\t\t\t\t\t\t\t<\/div>\n\t\t<\/section>\n\t\t\t\t<section class=\"elementor-section elementor-top-section elementor-element elementor-element-2ff2271 elementor-section-boxed elementor-section-height-default elementor-section-height-default\" data-id=\"2ff2271\" data-element_type=\"section\">\n\t\t\t\t\t\t<div class=\"elementor-container elementor-column-gap-default\">\n\t\t\t\t\t<div class=\"elementor-column elementor-col-33 elementor-top-column elementor-element elementor-element-9b01857\" data-id=\"9b01857\" data-element_type=\"column\">\n\t\t\t<div class=\"elementor-widget-wrap\">\n\t\t\t\t\t\t\t\t\t<\/div>\n\t\t<\/div>\n\t\t\t\t<div class=\"elementor-column elementor-col-33 elementor-top-column elementor-element elementor-element-f3d1053\" data-id=\"f3d1053\" data-element_type=\"column\">\n\t\t\t<div class=\"elementor-widget-wrap\">\n\t\t\t\t\t\t\t\t\t<\/div>\n\t\t<\/div>\n\t\t\t\t<div class=\"elementor-column elementor-col-33 elementor-top-column elementor-element elementor-element-81b4f4f\" data-id=\"81b4f4f\" data-element_type=\"column\">\n\t\t\t<div class=\"elementor-widget-wrap\">\n\t\t\t\t\t\t\t\t\t<\/div>\n\t\t<\/div>\n\t\t\t\t\t\t\t<\/div>\n\t\t<\/section>\n\t\t\t\t<section class=\"elementor-section elementor-top-section elementor-element elementor-element-87d8799 elementor-section-boxed elementor-section-height-default elementor-section-height-default\" data-id=\"87d8799\" data-element_type=\"section\">\n\t\t\t\t\t\t<div class=\"elementor-container elementor-column-gap-default\">\n\t\t\t\t\t<div class=\"elementor-column elementor-col-50 elementor-top-column elementor-element elementor-element-f9b5ee9\" data-id=\"f9b5ee9\" data-element_type=\"column\">\n\t\t\t<div class=\"elementor-widget-wrap\">\n\t\t\t\t\t\t\t\t\t<\/div>\n\t\t<\/div>\n\t\t\t\t<div class=\"elementor-column elementor-col-50 elementor-top-column elementor-element elementor-element-a9384ec\" data-id=\"a9384ec\" data-element_type=\"column\">\n\t\t\t<div class=\"elementor-widget-wrap\">\n\t\t\t\t\t\t\t\t\t<\/div>\n\t\t<\/div>\n\t\t\t\t\t\t\t<\/div>\n\t\t<\/section>\n\t\t\t\t\t\t<\/div>\n\t\t\t\t\t<\/div>\n\t\t","protected":false},"excerpt":{"rendered":"<p>Organis\u00e9 par Ch\u00e2lons en Champagne du 31 janvier au 7 f\u00e9vrier 2026<\/p>\n","protected":false},"author":1,"featured_media":14975,"comment_status":"open","ping_status":"open","sticky":false,"template":"elementor_header_footer","format":"standard","meta":{"footnotes":""},"categories":[7],"tags":[],"class_list":["post-14980","post","type-post","status-publish","format-standard","has-post-thumbnail","hentry","category-activites"],"yoast_head":"<!-- This site is optimized with the Yoast SEO plugin v25.3.1 - https:\/\/yoast.com\/wordpress\/plugins\/seo\/ -->\n<title>S\u00e9jours \u00e0 la neige 2026 - Union Jumelages<\/title>\n<meta name=\"robots\" content=\"index, follow, max-snippet:-1, max-image-preview:large, max-video-preview:-1\" \/>\n<link rel=\"canonical\" href=\"https:\/\/www.unionjumelages.com\/index.php\/2025\/04\/12\/sejours-a-la-neige-2026\/\" \/>\n<meta property=\"og:locale\" content=\"en_US\" \/>\n<meta property=\"og:type\" content=\"article\" \/>\n<meta property=\"og:title\" content=\"S\u00e9jours \u00e0 la neige 2026 - Union Jumelages\" \/>\n<meta property=\"og:description\" content=\"Organis\u00e9 par Ch\u00e2lons en Champagne du 31 janvier au 7 f\u00e9vrier 2026\" \/>\n<meta property=\"og:url\" content=\"https:\/\/www.unionjumelages.com\/index.php\/2025\/04\/12\/sejours-a-la-neige-2026\/\" \/>\n<meta property=\"og:site_name\" content=\"Union Jumelages\" \/>\n<meta property=\"article:published_time\" content=\"2025-04-12T08:21:37+00:00\" \/>\n<meta property=\"article:modified_time\" content=\"2025-06-24T08:15:32+00:00\" \/>\n<meta property=\"og:image\" content=\"https:\/\/www.unionjumelages.com\/wp-content\/uploads\/2025\/06\/Neige-2025-Chalons-skieurs-002.jpg\" \/>\n\t<meta property=\"og:image:width\" content=\"2185\" \/>\n\t<meta property=\"og:image:height\" content=\"1219\" \/>\n\t<meta property=\"og:image:type\" content=\"image\/jpeg\" \/>\n<meta name=\"author\" content=\"Admin\" \/>\n<meta name=\"twitter:card\" content=\"summary_large_image\" \/>\n<meta name=\"twitter:label1\" content=\"Written by\" \/>\n\t<meta name=\"twitter:data1\" content=\"Admin\" \/>\n\t<meta name=\"twitter:label2\" content=\"Est. reading time\" \/>\n\t<meta name=\"twitter:data2\" content=\"2 minutes\" \/>\n<script type=\"application\/ld+json\" class=\"yoast-schema-graph\">{\"@context\":\"https:\/\/schema.org\",\"@graph\":[{\"@type\":\"Article\",\"@id\":\"https:\/\/www.unionjumelages.com\/index.php\/2025\/04\/12\/sejours-a-la-neige-2026\/#article\",\"isPartOf\":{\"@id\":\"https:\/\/www.unionjumelages.com\/index.php\/2025\/04\/12\/sejours-a-la-neige-2026\/\"},\"author\":{\"name\":\"Admin\",\"@id\":\"https:\/\/www.unionjumelages.com\/#\/schema\/person\/30d99fce985b1ea8051e9a761aff8f70\"},\"headline\":\"S\u00e9jours \u00e0 la neige 2026\",\"datePublished\":\"2025-04-12T08:21:37+00:00\",\"dateModified\":\"2025-06-24T08:15:32+00:00\",\"mainEntityOfPage\":{\"@id\":\"https:\/\/www.unionjumelages.com\/index.php\/2025\/04\/12\/sejours-a-la-neige-2026\/\"},\"wordCount\":87,\"commentCount\":0,\"publisher\":{\"@id\":\"https:\/\/www.unionjumelages.com\/#organization\"},\"image\":{\"@id\":\"https:\/\/www.unionjumelages.com\/index.php\/2025\/04\/12\/sejours-a-la-neige-2026\/#primaryimage\"},\"thumbnailUrl\":\"https:\/\/www.unionjumelages.com\/wp-content\/uploads\/2025\/06\/Neige-2025-Chalons-skieurs-002.jpg\",\"articleSection\":[\"Activit\u00e9s\"],\"inLanguage\":\"en-US\",\"potentialAction\":[{\"@type\":\"CommentAction\",\"name\":\"Comment\",\"target\":[\"https:\/\/www.unionjumelages.com\/index.php\/2025\/04\/12\/sejours-a-la-neige-2026\/#respond\"]}]},{\"@type\":\"WebPage\",\"@id\":\"https:\/\/www.unionjumelages.com\/index.php\/2025\/04\/12\/sejours-a-la-neige-2026\/\",\"url\":\"https:\/\/www.unionjumelages.com\/index.php\/2025\/04\/12\/sejours-a-la-neige-2026\/\",\"name\":\"S\u00e9jours \u00e0 la neige 2026 - Union Jumelages\",\"isPartOf\":{\"@id\":\"https:\/\/www.unionjumelages.com\/#website\"},\"primaryImageOfPage\":{\"@id\":\"https:\/\/www.unionjumelages.com\/index.php\/2025\/04\/12\/sejours-a-la-neige-2026\/#primaryimage\"},\"image\":{\"@id\":\"https:\/\/www.unionjumelages.com\/index.php\/2025\/04\/12\/sejours-a-la-neige-2026\/#primaryimage\"},\"thumbnailUrl\":\"https:\/\/www.unionjumelages.com\/wp-content\/uploads\/2025\/06\/Neige-2025-Chalons-skieurs-002.jpg\",\"datePublished\":\"2025-04-12T08:21:37+00:00\",\"dateModified\":\"2025-06-24T08:15:32+00:00\",\"breadcrumb\":{\"@id\":\"https:\/\/www.unionjumelages.com\/index.php\/2025\/04\/12\/sejours-a-la-neige-2026\/#breadcrumb\"},\"inLanguage\":\"en-US\",\"potentialAction\":[{\"@type\":\"ReadAction\",\"target\":[\"https:\/\/www.unionjumelages.com\/index.php\/2025\/04\/12\/sejours-a-la-neige-2026\/\"]}]},{\"@type\":\"ImageObject\",\"inLanguage\":\"en-US\",\"@id\":\"https:\/\/www.unionjumelages.com\/index.php\/2025\/04\/12\/sejours-a-la-neige-2026\/#primaryimage\",\"url\":\"https:\/\/www.unionjumelages.com\/wp-content\/uploads\/2025\/06\/Neige-2025-Chalons-skieurs-002.jpg\",\"contentUrl\":\"https:\/\/www.unionjumelages.com\/wp-content\/uploads\/2025\/06\/Neige-2025-Chalons-skieurs-002.jpg\",\"width\":2185,\"height\":1219},{\"@type\":\"BreadcrumbList\",\"@id\":\"https:\/\/www.unionjumelages.com\/index.php\/2025\/04\/12\/sejours-a-la-neige-2026\/#breadcrumb\",\"itemListElement\":[{\"@type\":\"ListItem\",\"position\":1,\"name\":\"Accueil\",\"item\":\"https:\/\/www.unionjumelages.com\/\"},{\"@type\":\"ListItem\",\"position\":2,\"name\":\"S\u00e9jours \u00e0 la neige 2026\"}]},{\"@type\":\"WebSite\",\"@id\":\"https:\/\/www.unionjumelages.com\/#website\",\"url\":\"https:\/\/www.unionjumelages.com\/\",\"name\":\"Union Jumelages\",\"description\":\"Un site utilisant WordPress\",\"publisher\":{\"@id\":\"https:\/\/www.unionjumelages.com\/#organization\"},\"potentialAction\":[{\"@type\":\"SearchAction\",\"target\":{\"@type\":\"EntryPoint\",\"urlTemplate\":\"https:\/\/www.unionjumelages.com\/?s={search_term_string}\"},\"query-input\":{\"@type\":\"PropertyValueSpecification\",\"valueRequired\":true,\"valueName\":\"search_term_string\"}}],\"inLanguage\":\"en-US\"},{\"@type\":\"Organization\",\"@id\":\"https:\/\/www.unionjumelages.com\/#organization\",\"name\":\"Union Jumelages\",\"url\":\"https:\/\/www.unionjumelages.com\/\",\"logo\":{\"@type\":\"ImageObject\",\"inLanguage\":\"en-US\",\"@id\":\"https:\/\/www.unionjumelages.com\/#\/schema\/logo\/image\/\",\"url\":\"https:\/\/www.unionjumelages.com\/wp-content\/uploads\/2021\/03\/cropped-union-jumelages.jpg\",\"contentUrl\":\"https:\/\/www.unionjumelages.com\/wp-content\/uploads\/2021\/03\/cropped-union-jumelages.jpg\",\"width\":113,\"height\":95,\"caption\":\"Union Jumelages\"},\"image\":{\"@id\":\"https:\/\/www.unionjumelages.com\/#\/schema\/logo\/image\/\"}},{\"@type\":\"Person\",\"@id\":\"https:\/\/www.unionjumelages.com\/#\/schema\/person\/30d99fce985b1ea8051e9a761aff8f70\",\"name\":\"Admin\",\"image\":{\"@type\":\"ImageObject\",\"inLanguage\":\"en-US\",\"@id\":\"https:\/\/www.unionjumelages.com\/#\/schema\/person\/image\/\",\"url\":\"https:\/\/secure.gravatar.com\/avatar\/30cfcdafa1380b7e07a91661c4a92d2c?s=96&d=mm&r=g\",\"contentUrl\":\"https:\/\/secure.gravatar.com\/avatar\/30cfcdafa1380b7e07a91661c4a92d2c?s=96&d=mm&r=g\",\"caption\":\"Admin\"},\"sameAs\":[\"https:\/\/www.unionjumelages.com\"],\"url\":\"https:\/\/www.unionjumelages.com\/index.php\/author\/admin\/\"}]}<\/script>\n<!-- \/ Yoast SEO plugin. -->","yoast_head_json":{"title":"S\u00e9jours \u00e0 la neige 2026 - Union Jumelages","robots":{"index":"index","follow":"follow","max-snippet":"max-snippet:-1","max-image-preview":"max-image-preview:large","max-video-preview":"max-video-preview:-1"},"canonical":"https:\/\/www.unionjumelages.com\/index.php\/2025\/04\/12\/sejours-a-la-neige-2026\/","og_locale":"en_US","og_type":"article","og_title":"S\u00e9jours \u00e0 la neige 2026 - Union Jumelages","og_description":"Organis\u00e9 par Ch\u00e2lons en Champagne du 31 janvier au 7 f\u00e9vrier 2026","og_url":"https:\/\/www.unionjumelages.com\/index.php\/2025\/04\/12\/sejours-a-la-neige-2026\/","og_site_name":"Union Jumelages","article_published_time":"2025-04-12T08:21:37+00:00","article_modified_time":"2025-06-24T08:15:32+00:00","og_image":[{"width":2185,"height":1219,"url":"https:\/\/www.unionjumelages.com\/wp-content\/uploads\/2025\/06\/Neige-2025-Chalons-skieurs-002.jpg","type":"image\/jpeg"}],"author":"Admin","twitter_card":"summary_large_image","twitter_misc":{"Written by":"Admin","Est. reading time":"2 minutes"},"schema":{"@context":"https:\/\/schema.org","@graph":[{"@type":"Article","@id":"https:\/\/www.unionjumelages.com\/index.php\/2025\/04\/12\/sejours-a-la-neige-2026\/#article","isPartOf":{"@id":"https:\/\/www.unionjumelages.com\/index.php\/2025\/04\/12\/sejours-a-la-neige-2026\/"},"author":{"name":"Admin","@id":"https:\/\/www.unionjumelages.com\/#\/schema\/person\/30d99fce985b1ea8051e9a761aff8f70"},"headline":"S\u00e9jours \u00e0 la neige 2026","datePublished":"2025-04-12T08:21:37+00:00","dateModified":"2025-06-24T08:15:32+00:00","mainEntityOfPage":{"@id":"https:\/\/www.unionjumelages.com\/index.php\/2025\/04\/12\/sejours-a-la-neige-2026\/"},"wordCount":87,"commentCount":0,"publisher":{"@id":"https:\/\/www.unionjumelages.com\/#organization"},"image":{"@id":"https:\/\/www.unionjumelages.com\/index.php\/2025\/04\/12\/sejours-a-la-neige-2026\/#primaryimage"},"thumbnailUrl":"https:\/\/www.unionjumelages.com\/wp-content\/uploads\/2025\/06\/Neige-2025-Chalons-skieurs-002.jpg","articleSection":["Activit\u00e9s"],"inLanguage":"en-US","potentialAction":[{"@type":"CommentAction","name":"Comment","target":["https:\/\/www.unionjumelages.com\/index.php\/2025\/04\/12\/sejours-a-la-neige-2026\/#respond"]}]},{"@type":"WebPage","@id":"https:\/\/www.unionjumelages.com\/index.php\/2025\/04\/12\/sejours-a-la-neige-2026\/","url":"https:\/\/www.unionjumelages.com\/index.php\/2025\/04\/12\/sejours-a-la-neige-2026\/","name":"S\u00e9jours \u00e0 la neige 2026 - Union Jumelages","isPartOf":{"@id":"https:\/\/www.unionjumelages.com\/#website"},"primaryImageOfPage":{"@id":"https:\/\/www.unionjumelages.com\/index.php\/2025\/04\/12\/sejours-a-la-neige-2026\/#primaryimage"},"image":{"@id":"https:\/\/www.unionjumelages.com\/index.php\/2025\/04\/12\/sejours-a-la-neige-2026\/#primaryimage"},"thumbnailUrl":"https:\/\/www.unionjumelages.com\/wp-content\/uploads\/2025\/06\/Neige-2025-Chalons-skieurs-002.jpg","datePublished":"2025-04-12T08:21:37+00:00","dateModified":"2025-06-24T08:15:32+00:00","breadcrumb":{"@id":"https:\/\/www.unionjumelages.com\/index.php\/2025\/04\/12\/sejours-a-la-neige-2026\/#breadcrumb"},"inLanguage":"en-US","potentialAction":[{"@type":"ReadAction","target":["https:\/\/www.unionjumelages.com\/index.php\/2025\/04\/12\/sejours-a-la-neige-2026\/"]}]},{"@type":"ImageObject","inLanguage":"en-US","@id":"https:\/\/www.unionjumelages.com\/index.php\/2025\/04\/12\/sejours-a-la-neige-2026\/#primaryimage","url":"https:\/\/www.unionjumelages.com\/wp-content\/uploads\/2025\/06\/Neige-2025-Chalons-skieurs-002.jpg","contentUrl":"https:\/\/www.unionjumelages.com\/wp-content\/uploads\/2025\/06\/Neige-2025-Chalons-skieurs-002.jpg","width":2185,"height":1219},{"@type":"BreadcrumbList","@id":"https:\/\/www.unionjumelages.com\/index.php\/2025\/04\/12\/sejours-a-la-neige-2026\/#breadcrumb","itemListElement":[{"@type":"ListItem","position":1,"name":"Accueil","item":"https:\/\/www.unionjumelages.com\/"},{"@type":"ListItem","position":2,"name":"S\u00e9jours \u00e0 la neige 2026"}]},{"@type":"WebSite","@id":"https:\/\/www.unionjumelages.com\/#website","url":"https:\/\/www.unionjumelages.com\/","name":"Union Jumelages","description":"Un site utilisant WordPress","publisher":{"@id":"https:\/\/www.unionjumelages.com\/#organization"},"potentialAction":[{"@type":"SearchAction","target":{"@type":"EntryPoint","urlTemplate":"https:\/\/www.unionjumelages.com\/?s={search_term_string}"},"query-input":{"@type":"PropertyValueSpecification","valueRequired":true,"valueName":"search_term_string"}}],"inLanguage":"en-US"},{"@type":"Organization","@id":"https:\/\/www.unionjumelages.com\/#organization","name":"Union Jumelages","url":"https:\/\/www.unionjumelages.com\/","logo":{"@type":"ImageObject","inLanguage":"en-US","@id":"https:\/\/www.unionjumelages.com\/#\/schema\/logo\/image\/","url":"https:\/\/www.unionjumelages.com\/wp-content\/uploads\/2021\/03\/cropped-union-jumelages.jpg","contentUrl":"https:\/\/www.unionjumelages.com\/wp-content\/uploads\/2021\/03\/cropped-union-jumelages.jpg","width":113,"height":95,"caption":"Union Jumelages"},"image":{"@id":"https:\/\/www.unionjumelages.com\/#\/schema\/logo\/image\/"}},{"@type":"Person","@id":"https:\/\/www.unionjumelages.com\/#\/schema\/person\/30d99fce985b1ea8051e9a761aff8f70","name":"Admin","image":{"@type":"ImageObject","inLanguage":"en-US","@id":"https:\/\/www.unionjumelages.com\/#\/schema\/person\/image\/","url":"https:\/\/secure.gravatar.com\/avatar\/30cfcdafa1380b7e07a91661c4a92d2c?s=96&d=mm&r=g","contentUrl":"https:\/\/secure.gravatar.com\/avatar\/30cfcdafa1380b7e07a91661c4a92d2c?s=96&d=mm&r=g","caption":"Admin"},"sameAs":["https:\/\/www.unionjumelages.com"],"url":"https:\/\/www.unionjumelages.com\/index.php\/author\/admin\/"}]}},"_links":{"self":[{"href":"https:\/\/www.unionjumelages.com\/index.php\/wp-json\/wp\/v2\/posts\/14980"}],"collection":[{"href":"https:\/\/www.unionjumelages.com\/index.php\/wp-json\/wp\/v2\/posts"}],"about":[{"href":"https:\/\/www.unionjumelages.com\/index.php\/wp-json\/wp\/v2\/types\/post"}],"author":[{"embeddable":true,"href":"https:\/\/www.unionjumelages.com\/index.php\/wp-json\/wp\/v2\/users\/1"}],"replies":[{"embeddable":true,"href":"https:\/\/www.unionjumelages.com\/index.php\/wp-json\/wp\/v2\/comments?post=14980"}],"version-history":[{"count":13,"href":"https:\/\/www.unionjumelages.com\/index.php\/wp-json\/wp\/v2\/posts\/14980\/revisions"}],"predecessor-version":[{"id":15004,"href":"https:\/\/www.unionjumelages.com\/index.php\/wp-json\/wp\/v2\/posts\/14980\/revisions\/15004"}],"wp:featuredmedia":[{"embeddable":true,"href":"https:\/\/www.unionjumelages.com\/index.php\/wp-json\/wp\/v2\/media\/14975"}],"wp:attachment":[{"href":"https:\/\/www.unionjumelages.com\/index.php\/wp-json\/wp\/v2\/media?parent=14980"}],"wp:term":[{"taxonomy":"category","embeddable":true,"href":"https:\/\/www.unionjumelages.com\/index.php\/wp-json\/wp\/v2\/categories?post=14980"},{"taxonomy":"post_tag","embeddable":true,"href":"https:\/\/www.unionjumelages.com\/index.php\/wp-json\/wp\/v2\/tags?post=14980"}],"curies":[{"name":"wp","href":"https:\/\/api.w.org\/{rel}","templated":true}]}}