{"id":11910,"date":"2024-02-07T10:54:31","date_gmt":"2024-02-07T09:54:31","guid":{"rendered":"https:\/\/www.unionjumelages.com\/?p=11910"},"modified":"2024-06-01T18:01:40","modified_gmt":"2024-06-01T16:01:40","slug":"assemblee-generale-2023-au-cap-dagde","status":"publish","type":"post","link":"https:\/\/www.unionjumelages.com\/index.php\/2024\/02\/07\/assemblee-generale-2023-au-cap-dagde\/","title":{"rendered":"Assembl\u00e9e G\u00e9n\u00e9rale 2024 \u00e0 Bussang"},"content":{"rendered":"\t\t<div data-elementor-type=\"wp-post\" data-elementor-id=\"11910\" class=\"elementor elementor-11910\" data-elementor-settings=\"[]\">\n\t\t\t\t\t\t\t<div class=\"elementor-section-wrap\">\n\t\t\t\t\t\t\t<section class=\"elementor-section elementor-top-section elementor-element elementor-element-b4937a0 elementor-section-boxed elementor-section-height-default elementor-section-height-default\" data-id=\"b4937a0\" data-element_type=\"section\">\n\t\t\t\t\t\t<div class=\"elementor-container elementor-column-gap-default\">\n\t\t\t\t\t<div class=\"elementor-column elementor-col-100 elementor-top-column elementor-element elementor-element-ac79067\" data-id=\"ac79067\" data-element_type=\"column\">\n\t\t\t<div class=\"elementor-widget-wrap elementor-element-populated\">\n\t\t\t\t\t\t\t\t<div class=\"elementor-element elementor-element-a89c574 elementor-widget elementor-widget-spacer\" data-id=\"a89c574\" data-element_type=\"widget\" data-widget_type=\"spacer.default\">\n\t\t\t\t<div class=\"elementor-widget-container\">\n\t\t\t\t\t<div class=\"elementor-spacer\">\n\t\t\t<div class=\"elementor-spacer-inner\"><\/div>\n\t\t<\/div>\n\t\t\t\t<\/div>\n\t\t\t\t<\/div>\n\t\t\t\t<div class=\"elementor-element elementor-element-8c96262 elementor-widget elementor-widget-heading\" data-id=\"8c96262\" data-element_type=\"widget\" data-widget_type=\"heading.default\">\n\t\t\t\t<div class=\"elementor-widget-container\">\n\t\t\t<h2 class=\"elementor-heading-title elementor-size-default\">Assembl\u00e9e G\u00e9n\u00e9rale 2024 \u00e0 Bussang<\/h2>\t\t<\/div>\n\t\t\t\t<\/div>\n\t\t\t\t\t<\/div>\n\t\t<\/div>\n\t\t\t\t\t\t\t<\/div>\n\t\t<\/section>\n\t\t\t\t<section class=\"elementor-section elementor-top-section elementor-element elementor-element-0de19cc elementor-section-boxed elementor-section-height-default elementor-section-height-default\" data-id=\"0de19cc\" data-element_type=\"section\">\n\t\t\t\t\t\t<div class=\"elementor-container elementor-column-gap-default\">\n\t\t\t\t\t<div class=\"elementor-column elementor-col-100 elementor-top-column elementor-element elementor-element-125aba9\" data-id=\"125aba9\" data-element_type=\"column\">\n\t\t\t<div class=\"elementor-widget-wrap elementor-element-populated\">\n\t\t\t\t\t\t\t\t<div class=\"elementor-element elementor-element-9faafbe elementor-widget elementor-widget-heading\" data-id=\"9faafbe\" data-element_type=\"widget\" data-widget_type=\"heading.default\">\n\t\t\t\t<div class=\"elementor-widget-container\">\n\t\t\t<h2 class=\"elementor-heading-title elementor-size-default\">Du  30 mai au 2 juin 2024<\/h2>\t\t<\/div>\n\t\t\t\t<\/div>\n\t\t\t\t\t<\/div>\n\t\t<\/div>\n\t\t\t\t\t\t\t<\/div>\n\t\t<\/section>\n\t\t\t\t<section class=\"elementor-section elementor-top-section elementor-element elementor-element-07aa5b3 elementor-section-boxed elementor-section-height-default elementor-section-height-default\" data-id=\"07aa5b3\" data-element_type=\"section\">\n\t\t\t\t\t\t<div class=\"elementor-container elementor-column-gap-default\">\n\t\t\t\t\t<div class=\"elementor-column elementor-col-100 elementor-top-column elementor-element elementor-element-6e04635\" data-id=\"6e04635\" data-element_type=\"column\">\n\t\t\t<div class=\"elementor-widget-wrap\">\n\t\t\t\t\t\t\t\t\t<\/div>\n\t\t<\/div>\n\t\t\t\t\t\t\t<\/div>\n\t\t<\/section>\n\t\t\t\t<section class=\"elementor-section elementor-top-section elementor-element elementor-element-4b83989 elementor-section-boxed elementor-section-height-default elementor-section-height-default\" data-id=\"4b83989\" data-element_type=\"section\">\n\t\t\t\t\t\t<div class=\"elementor-container elementor-column-gap-default\">\n\t\t\t\t\t<div class=\"elementor-column elementor-col-50 elementor-top-column elementor-element elementor-element-4126e12\" data-id=\"4126e12\" data-element_type=\"column\">\n\t\t\t<div class=\"elementor-widget-wrap elementor-element-populated\">\n\t\t\t\t\t\t\t\t<div class=\"elementor-element elementor-element-5201a40 elementor-widget elementor-widget-spacer\" data-id=\"5201a40\" data-element_type=\"widget\" data-widget_type=\"spacer.default\">\n\t\t\t\t<div class=\"elementor-widget-container\">\n\t\t\t\t\t<div class=\"elementor-spacer\">\n\t\t\t<div class=\"elementor-spacer-inner\"><\/div>\n\t\t<\/div>\n\t\t\t\t<\/div>\n\t\t\t\t<\/div>\n\t\t\t\t<div class=\"elementor-element elementor-element-83f6343 elementor-widget elementor-widget-image\" data-id=\"83f6343\" data-element_type=\"widget\" data-widget_type=\"image.default\">\n\t\t\t\t<div class=\"elementor-widget-container\">\n\t\t\t\t\t\t\t\t\t\t\t\t\t\t\t<img decoding=\"async\" src=\"https:\/\/www.unionjumelages.com\/wp-content\/uploads\/elementor\/thumbs\/65099610d8911_destination-vacances-vosges-azureva-bussang-piscine-espace-aquatique-qnsxhsnx5fmr8cd5xzpuduj6hpyx17dkbkah7b6h7k.jpg\" title=\"65099610d8911_destination-vacances-vosges-azureva-bussang-piscine-espace-aquatique\" alt=\"65099610d8911_destination-vacances-vosges-azureva-bussang-piscine-espace-aquatique\" \/>\t\t\t\t\t\t\t\t\t\t\t\t\t\t\t<\/div>\n\t\t\t\t<\/div>\n\t\t\t\t\t<\/div>\n\t\t<\/div>\n\t\t\t\t<div class=\"elementor-column elementor-col-50 elementor-top-column elementor-element elementor-element-3151747\" data-id=\"3151747\" data-element_type=\"column\">\n\t\t\t<div class=\"elementor-widget-wrap elementor-element-populated\">\n\t\t\t\t\t\t\t\t<div class=\"elementor-element elementor-element-59790a1 elementor-widget elementor-widget-spacer\" data-id=\"59790a1\" data-element_type=\"widget\" data-widget_type=\"spacer.default\">\n\t\t\t\t<div class=\"elementor-widget-container\">\n\t\t\t\t\t<div class=\"elementor-spacer\">\n\t\t\t<div class=\"elementor-spacer-inner\"><\/div>\n\t\t<\/div>\n\t\t\t\t<\/div>\n\t\t\t\t<\/div>\n\t\t\t\t<div class=\"elementor-element elementor-element-0be4678 elementor-widget elementor-widget-text-editor\" data-id=\"0be4678\" data-element_type=\"widget\" data-widget_type=\"text-editor.default\">\n\t\t\t\t<div class=\"elementor-widget-container\">\n\t\t\t\t\t\t\t<p>L\u2019AG de l&#8217;Union Nationale des Jumelages Poste et T\u00e9l\u00e9coms aura lieu du 30 mai au 2 juin 2024 sur le site d\u2019Azureva.<\/p><p>la pr\u00e9-AG aura, elle lieu du 27 au 30 mai 2024<\/p><p>Nous sommes impatients de nous retrouver\u00a0 !!!<\/p>\t\t\t\t\t\t<\/div>\n\t\t\t\t<\/div>\n\t\t\t\t<div class=\"elementor-element elementor-element-dbbf699 elementor-align-center elementor-widget elementor-widget-button\" data-id=\"dbbf699\" data-element_type=\"widget\" data-widget_type=\"button.default\">\n\t\t\t\t<div class=\"elementor-widget-container\">\n\t\t\t\t\t<div class=\"elementor-button-wrapper\">\n\t\t\t<a href=\"mailto:unjpt@orange.fr\" target=\"_blank\" class=\"elementor-button-link elementor-button elementor-size-sm\" role=\"button\">\n\t\t\t\t\t\t<span class=\"elementor-button-content-wrapper\">\n\t\t\t\t\t\t<span class=\"elementor-button-text\">Contactez-nous !<\/span>\n\t\t<\/span>\n\t\t\t\t\t<\/a>\n\t\t<\/div>\n\t\t\t\t<\/div>\n\t\t\t\t<\/div>\n\t\t\t\t<div class=\"elementor-element elementor-element-47f4047 elementor-align-center elementor-widget elementor-widget-button\" data-id=\"47f4047\" data-element_type=\"widget\" data-widget_type=\"button.default\">\n\t\t\t\t<div class=\"elementor-widget-container\">\n\t\t\t\t\t<div class=\"elementor-button-wrapper\">\n\t\t\t<a href=\"https:\/\/www.unionjumelages.com\/wp-content\/uploads\/2024\/06\/12-Programmes-AG-Delegues-2024-V2.pdf\" target=\"_blank\" class=\"elementor-button-link elementor-button elementor-size-sm\" role=\"button\">\n\t\t\t\t\t\t<span class=\"elementor-button-content-wrapper\">\n\t\t\t\t\t\t<span class=\"elementor-button-text\">Programme AG d\u00e9l\u00e9gu\u00e9s<\/span>\n\t\t<\/span>\n\t\t\t\t\t<\/a>\n\t\t<\/div>\n\t\t\t\t<\/div>\n\t\t\t\t<\/div>\n\t\t\t\t<div class=\"elementor-element elementor-element-c4f32ad elementor-align-center elementor-widget elementor-widget-button\" data-id=\"c4f32ad\" data-element_type=\"widget\" data-widget_type=\"button.default\">\n\t\t\t\t<div class=\"elementor-widget-container\">\n\t\t\t\t\t<div class=\"elementor-button-wrapper\">\n\t\t\t<a href=\"https:\/\/www.unionjumelages.com\/wp-content\/uploads\/2024\/06\/Programme-AG-Accompagnateurs-2024-V2.pdf\" target=\"_blank\" class=\"elementor-button-link elementor-button elementor-size-sm\" role=\"button\">\n\t\t\t\t\t\t<span class=\"elementor-button-content-wrapper\">\n\t\t\t\t\t\t<span class=\"elementor-button-text\">Programme AG accompagnateurs<\/span>\n\t\t<\/span>\n\t\t\t\t\t<\/a>\n\t\t<\/div>\n\t\t\t\t<\/div>\n\t\t\t\t<\/div>\n\t\t\t\t\t<\/div>\n\t\t<\/div>\n\t\t\t\t\t\t\t<\/div>\n\t\t<\/section>\n\t\t\t\t\t\t<\/div>\n\t\t\t\t\t<\/div>\n\t\t","protected":false},"excerpt":{"rendered":"<p>AG du 30 mai au 2 juin mai 2024 et Pr\u00e9-AG du 27 au 30 mai 2024<\/p>\n","protected":false},"author":1,"featured_media":11912,"comment_status":"open","ping_status":"open","sticky":false,"template":"elementor_header_footer","format":"standard","meta":{"footnotes":""},"categories":[5],"tags":[],"class_list":["post-11910","post","type-post","status-publish","format-standard","has-post-thumbnail","hentry","category-vie-associative"],"yoast_head":"<!-- This site is optimized with the Yoast SEO plugin v25.3.1 - https:\/\/yoast.com\/wordpress\/plugins\/seo\/ -->\n<title>Assembl\u00e9e G\u00e9n\u00e9rale 2024 \u00e0 Bussang - Union Jumelages<\/title>\n<meta name=\"robots\" content=\"index, follow, max-snippet:-1, max-image-preview:large, max-video-preview:-1\" \/>\n<link rel=\"canonical\" href=\"https:\/\/www.unionjumelages.com\/index.php\/2024\/02\/07\/assemblee-generale-2023-au-cap-dagde\/\" \/>\n<meta property=\"og:locale\" content=\"en_US\" \/>\n<meta property=\"og:type\" content=\"article\" \/>\n<meta property=\"og:title\" content=\"Assembl\u00e9e G\u00e9n\u00e9rale 2024 \u00e0 Bussang - Union Jumelages\" \/>\n<meta property=\"og:description\" content=\"AG du 30 mai au 2 juin mai 2024 et Pr\u00e9-AG du 27 au 30 mai 2024\" \/>\n<meta property=\"og:url\" content=\"https:\/\/www.unionjumelages.com\/index.php\/2024\/02\/07\/assemblee-generale-2023-au-cap-dagde\/\" \/>\n<meta property=\"og:site_name\" content=\"Union Jumelages\" \/>\n<meta property=\"article:published_time\" content=\"2024-02-07T09:54:31+00:00\" \/>\n<meta property=\"article:modified_time\" content=\"2024-06-01T16:01:40+00:00\" \/>\n<meta property=\"og:image\" content=\"https:\/\/www.unionjumelages.com\/wp-content\/uploads\/2024\/05\/57ee13163079c_village-vacances-alsace-bussang.jpg\" \/>\n\t<meta property=\"og:image:width\" content=\"722\" \/>\n\t<meta property=\"og:image:height\" content=\"722\" \/>\n\t<meta property=\"og:image:type\" content=\"image\/jpeg\" \/>\n<meta name=\"author\" content=\"Admin\" \/>\n<meta name=\"twitter:card\" content=\"summary_large_image\" \/>\n<meta name=\"twitter:label1\" content=\"Written by\" \/>\n\t<meta name=\"twitter:data1\" content=\"Admin\" \/>\n\t<meta name=\"twitter:label2\" content=\"Est. reading time\" \/>\n\t<meta name=\"twitter:data2\" content=\"1 minute\" \/>\n<script type=\"application\/ld+json\" class=\"yoast-schema-graph\">{\"@context\":\"https:\/\/schema.org\",\"@graph\":[{\"@type\":\"Article\",\"@id\":\"https:\/\/www.unionjumelages.com\/index.php\/2024\/02\/07\/assemblee-generale-2023-au-cap-dagde\/#article\",\"isPartOf\":{\"@id\":\"https:\/\/www.unionjumelages.com\/index.php\/2024\/02\/07\/assemblee-generale-2023-au-cap-dagde\/\"},\"author\":{\"name\":\"Admin\",\"@id\":\"https:\/\/www.unionjumelages.com\/#\/schema\/person\/30d99fce985b1ea8051e9a761aff8f70\"},\"headline\":\"Assembl\u00e9e G\u00e9n\u00e9rale 2024 \u00e0 Bussang\",\"datePublished\":\"2024-02-07T09:54:31+00:00\",\"dateModified\":\"2024-06-01T16:01:40+00:00\",\"mainEntityOfPage\":{\"@id\":\"https:\/\/www.unionjumelages.com\/index.php\/2024\/02\/07\/assemblee-generale-2023-au-cap-dagde\/\"},\"wordCount\":64,\"commentCount\":0,\"publisher\":{\"@id\":\"https:\/\/www.unionjumelages.com\/#organization\"},\"image\":{\"@id\":\"https:\/\/www.unionjumelages.com\/index.php\/2024\/02\/07\/assemblee-generale-2023-au-cap-dagde\/#primaryimage\"},\"thumbnailUrl\":\"https:\/\/www.unionjumelages.com\/wp-content\/uploads\/2024\/05\/57ee13163079c_village-vacances-alsace-bussang.jpg\",\"articleSection\":[\"Vie associative\"],\"inLanguage\":\"en-US\",\"potentialAction\":[{\"@type\":\"CommentAction\",\"name\":\"Comment\",\"target\":[\"https:\/\/www.unionjumelages.com\/index.php\/2024\/02\/07\/assemblee-generale-2023-au-cap-dagde\/#respond\"]}]},{\"@type\":\"WebPage\",\"@id\":\"https:\/\/www.unionjumelages.com\/index.php\/2024\/02\/07\/assemblee-generale-2023-au-cap-dagde\/\",\"url\":\"https:\/\/www.unionjumelages.com\/index.php\/2024\/02\/07\/assemblee-generale-2023-au-cap-dagde\/\",\"name\":\"Assembl\u00e9e G\u00e9n\u00e9rale 2024 \u00e0 Bussang - Union Jumelages\",\"isPartOf\":{\"@id\":\"https:\/\/www.unionjumelages.com\/#website\"},\"primaryImageOfPage\":{\"@id\":\"https:\/\/www.unionjumelages.com\/index.php\/2024\/02\/07\/assemblee-generale-2023-au-cap-dagde\/#primaryimage\"},\"image\":{\"@id\":\"https:\/\/www.unionjumelages.com\/index.php\/2024\/02\/07\/assemblee-generale-2023-au-cap-dagde\/#primaryimage\"},\"thumbnailUrl\":\"https:\/\/www.unionjumelages.com\/wp-content\/uploads\/2024\/05\/57ee13163079c_village-vacances-alsace-bussang.jpg\",\"datePublished\":\"2024-02-07T09:54:31+00:00\",\"dateModified\":\"2024-06-01T16:01:40+00:00\",\"breadcrumb\":{\"@id\":\"https:\/\/www.unionjumelages.com\/index.php\/2024\/02\/07\/assemblee-generale-2023-au-cap-dagde\/#breadcrumb\"},\"inLanguage\":\"en-US\",\"potentialAction\":[{\"@type\":\"ReadAction\",\"target\":[\"https:\/\/www.unionjumelages.com\/index.php\/2024\/02\/07\/assemblee-generale-2023-au-cap-dagde\/\"]}]},{\"@type\":\"ImageObject\",\"inLanguage\":\"en-US\",\"@id\":\"https:\/\/www.unionjumelages.com\/index.php\/2024\/02\/07\/assemblee-generale-2023-au-cap-dagde\/#primaryimage\",\"url\":\"https:\/\/www.unionjumelages.com\/wp-content\/uploads\/2024\/05\/57ee13163079c_village-vacances-alsace-bussang.jpg\",\"contentUrl\":\"https:\/\/www.unionjumelages.com\/wp-content\/uploads\/2024\/05\/57ee13163079c_village-vacances-alsace-bussang.jpg\",\"width\":722,\"height\":722},{\"@type\":\"BreadcrumbList\",\"@id\":\"https:\/\/www.unionjumelages.com\/index.php\/2024\/02\/07\/assemblee-generale-2023-au-cap-dagde\/#breadcrumb\",\"itemListElement\":[{\"@type\":\"ListItem\",\"position\":1,\"name\":\"Accueil\",\"item\":\"https:\/\/www.unionjumelages.com\/\"},{\"@type\":\"ListItem\",\"position\":2,\"name\":\"Assembl\u00e9e G\u00e9n\u00e9rale 2024 \u00e0 Bussang\"}]},{\"@type\":\"WebSite\",\"@id\":\"https:\/\/www.unionjumelages.com\/#website\",\"url\":\"https:\/\/www.unionjumelages.com\/\",\"name\":\"Union Jumelages\",\"description\":\"Un site utilisant WordPress\",\"publisher\":{\"@id\":\"https:\/\/www.unionjumelages.com\/#organization\"},\"potentialAction\":[{\"@type\":\"SearchAction\",\"target\":{\"@type\":\"EntryPoint\",\"urlTemplate\":\"https:\/\/www.unionjumelages.com\/?s={search_term_string}\"},\"query-input\":{\"@type\":\"PropertyValueSpecification\",\"valueRequired\":true,\"valueName\":\"search_term_string\"}}],\"inLanguage\":\"en-US\"},{\"@type\":\"Organization\",\"@id\":\"https:\/\/www.unionjumelages.com\/#organization\",\"name\":\"Union Jumelages\",\"url\":\"https:\/\/www.unionjumelages.com\/\",\"logo\":{\"@type\":\"ImageObject\",\"inLanguage\":\"en-US\",\"@id\":\"https:\/\/www.unionjumelages.com\/#\/schema\/logo\/image\/\",\"url\":\"https:\/\/www.unionjumelages.com\/wp-content\/uploads\/2021\/03\/cropped-union-jumelages.jpg\",\"contentUrl\":\"https:\/\/www.unionjumelages.com\/wp-content\/uploads\/2021\/03\/cropped-union-jumelages.jpg\",\"width\":113,\"height\":95,\"caption\":\"Union Jumelages\"},\"image\":{\"@id\":\"https:\/\/www.unionjumelages.com\/#\/schema\/logo\/image\/\"}},{\"@type\":\"Person\",\"@id\":\"https:\/\/www.unionjumelages.com\/#\/schema\/person\/30d99fce985b1ea8051e9a761aff8f70\",\"name\":\"Admin\",\"image\":{\"@type\":\"ImageObject\",\"inLanguage\":\"en-US\",\"@id\":\"https:\/\/www.unionjumelages.com\/#\/schema\/person\/image\/\",\"url\":\"https:\/\/secure.gravatar.com\/avatar\/30cfcdafa1380b7e07a91661c4a92d2c?s=96&d=mm&r=g\",\"contentUrl\":\"https:\/\/secure.gravatar.com\/avatar\/30cfcdafa1380b7e07a91661c4a92d2c?s=96&d=mm&r=g\",\"caption\":\"Admin\"},\"sameAs\":[\"https:\/\/www.unionjumelages.com\"],\"url\":\"https:\/\/www.unionjumelages.com\/index.php\/author\/admin\/\"}]}<\/script>\n<!-- \/ Yoast SEO plugin. -->","yoast_head_json":{"title":"Assembl\u00e9e G\u00e9n\u00e9rale 2024 \u00e0 Bussang - Union Jumelages","robots":{"index":"index","follow":"follow","max-snippet":"max-snippet:-1","max-image-preview":"max-image-preview:large","max-video-preview":"max-video-preview:-1"},"canonical":"https:\/\/www.unionjumelages.com\/index.php\/2024\/02\/07\/assemblee-generale-2023-au-cap-dagde\/","og_locale":"en_US","og_type":"article","og_title":"Assembl\u00e9e G\u00e9n\u00e9rale 2024 \u00e0 Bussang - Union Jumelages","og_description":"AG du 30 mai au 2 juin mai 2024 et Pr\u00e9-AG du 27 au 30 mai 2024","og_url":"https:\/\/www.unionjumelages.com\/index.php\/2024\/02\/07\/assemblee-generale-2023-au-cap-dagde\/","og_site_name":"Union Jumelages","article_published_time":"2024-02-07T09:54:31+00:00","article_modified_time":"2024-06-01T16:01:40+00:00","og_image":[{"width":722,"height":722,"url":"https:\/\/www.unionjumelages.com\/wp-content\/uploads\/2024\/05\/57ee13163079c_village-vacances-alsace-bussang.jpg","type":"image\/jpeg"}],"author":"Admin","twitter_card":"summary_large_image","twitter_misc":{"Written by":"Admin","Est. reading time":"1 minute"},"schema":{"@context":"https:\/\/schema.org","@graph":[{"@type":"Article","@id":"https:\/\/www.unionjumelages.com\/index.php\/2024\/02\/07\/assemblee-generale-2023-au-cap-dagde\/#article","isPartOf":{"@id":"https:\/\/www.unionjumelages.com\/index.php\/2024\/02\/07\/assemblee-generale-2023-au-cap-dagde\/"},"author":{"name":"Admin","@id":"https:\/\/www.unionjumelages.com\/#\/schema\/person\/30d99fce985b1ea8051e9a761aff8f70"},"headline":"Assembl\u00e9e G\u00e9n\u00e9rale 2024 \u00e0 Bussang","datePublished":"2024-02-07T09:54:31+00:00","dateModified":"2024-06-01T16:01:40+00:00","mainEntityOfPage":{"@id":"https:\/\/www.unionjumelages.com\/index.php\/2024\/02\/07\/assemblee-generale-2023-au-cap-dagde\/"},"wordCount":64,"commentCount":0,"publisher":{"@id":"https:\/\/www.unionjumelages.com\/#organization"},"image":{"@id":"https:\/\/www.unionjumelages.com\/index.php\/2024\/02\/07\/assemblee-generale-2023-au-cap-dagde\/#primaryimage"},"thumbnailUrl":"https:\/\/www.unionjumelages.com\/wp-content\/uploads\/2024\/05\/57ee13163079c_village-vacances-alsace-bussang.jpg","articleSection":["Vie associative"],"inLanguage":"en-US","potentialAction":[{"@type":"CommentAction","name":"Comment","target":["https:\/\/www.unionjumelages.com\/index.php\/2024\/02\/07\/assemblee-generale-2023-au-cap-dagde\/#respond"]}]},{"@type":"WebPage","@id":"https:\/\/www.unionjumelages.com\/index.php\/2024\/02\/07\/assemblee-generale-2023-au-cap-dagde\/","url":"https:\/\/www.unionjumelages.com\/index.php\/2024\/02\/07\/assemblee-generale-2023-au-cap-dagde\/","name":"Assembl\u00e9e G\u00e9n\u00e9rale 2024 \u00e0 Bussang - Union Jumelages","isPartOf":{"@id":"https:\/\/www.unionjumelages.com\/#website"},"primaryImageOfPage":{"@id":"https:\/\/www.unionjumelages.com\/index.php\/2024\/02\/07\/assemblee-generale-2023-au-cap-dagde\/#primaryimage"},"image":{"@id":"https:\/\/www.unionjumelages.com\/index.php\/2024\/02\/07\/assemblee-generale-2023-au-cap-dagde\/#primaryimage"},"thumbnailUrl":"https:\/\/www.unionjumelages.com\/wp-content\/uploads\/2024\/05\/57ee13163079c_village-vacances-alsace-bussang.jpg","datePublished":"2024-02-07T09:54:31+00:00","dateModified":"2024-06-01T16:01:40+00:00","breadcrumb":{"@id":"https:\/\/www.unionjumelages.com\/index.php\/2024\/02\/07\/assemblee-generale-2023-au-cap-dagde\/#breadcrumb"},"inLanguage":"en-US","potentialAction":[{"@type":"ReadAction","target":["https:\/\/www.unionjumelages.com\/index.php\/2024\/02\/07\/assemblee-generale-2023-au-cap-dagde\/"]}]},{"@type":"ImageObject","inLanguage":"en-US","@id":"https:\/\/www.unionjumelages.com\/index.php\/2024\/02\/07\/assemblee-generale-2023-au-cap-dagde\/#primaryimage","url":"https:\/\/www.unionjumelages.com\/wp-content\/uploads\/2024\/05\/57ee13163079c_village-vacances-alsace-bussang.jpg","contentUrl":"https:\/\/www.unionjumelages.com\/wp-content\/uploads\/2024\/05\/57ee13163079c_village-vacances-alsace-bussang.jpg","width":722,"height":722},{"@type":"BreadcrumbList","@id":"https:\/\/www.unionjumelages.com\/index.php\/2024\/02\/07\/assemblee-generale-2023-au-cap-dagde\/#breadcrumb","itemListElement":[{"@type":"ListItem","position":1,"name":"Accueil","item":"https:\/\/www.unionjumelages.com\/"},{"@type":"ListItem","position":2,"name":"Assembl\u00e9e G\u00e9n\u00e9rale 2024 \u00e0 Bussang"}]},{"@type":"WebSite","@id":"https:\/\/www.unionjumelages.com\/#website","url":"https:\/\/www.unionjumelages.com\/","name":"Union Jumelages","description":"Un site utilisant WordPress","publisher":{"@id":"https:\/\/www.unionjumelages.com\/#organization"},"potentialAction":[{"@type":"SearchAction","target":{"@type":"EntryPoint","urlTemplate":"https:\/\/www.unionjumelages.com\/?s={search_term_string}"},"query-input":{"@type":"PropertyValueSpecification","valueRequired":true,"valueName":"search_term_string"}}],"inLanguage":"en-US"},{"@type":"Organization","@id":"https:\/\/www.unionjumelages.com\/#organization","name":"Union Jumelages","url":"https:\/\/www.unionjumelages.com\/","logo":{"@type":"ImageObject","inLanguage":"en-US","@id":"https:\/\/www.unionjumelages.com\/#\/schema\/logo\/image\/","url":"https:\/\/www.unionjumelages.com\/wp-content\/uploads\/2021\/03\/cropped-union-jumelages.jpg","contentUrl":"https:\/\/www.unionjumelages.com\/wp-content\/uploads\/2021\/03\/cropped-union-jumelages.jpg","width":113,"height":95,"caption":"Union Jumelages"},"image":{"@id":"https:\/\/www.unionjumelages.com\/#\/schema\/logo\/image\/"}},{"@type":"Person","@id":"https:\/\/www.unionjumelages.com\/#\/schema\/person\/30d99fce985b1ea8051e9a761aff8f70","name":"Admin","image":{"@type":"ImageObject","inLanguage":"en-US","@id":"https:\/\/www.unionjumelages.com\/#\/schema\/person\/image\/","url":"https:\/\/secure.gravatar.com\/avatar\/30cfcdafa1380b7e07a91661c4a92d2c?s=96&d=mm&r=g","contentUrl":"https:\/\/secure.gravatar.com\/avatar\/30cfcdafa1380b7e07a91661c4a92d2c?s=96&d=mm&r=g","caption":"Admin"},"sameAs":["https:\/\/www.unionjumelages.com"],"url":"https:\/\/www.unionjumelages.com\/index.php\/author\/admin\/"}]}},"_links":{"self":[{"href":"https:\/\/www.unionjumelages.com\/index.php\/wp-json\/wp\/v2\/posts\/11910"}],"collection":[{"href":"https:\/\/www.unionjumelages.com\/index.php\/wp-json\/wp\/v2\/posts"}],"about":[{"href":"https:\/\/www.unionjumelages.com\/index.php\/wp-json\/wp\/v2\/types\/post"}],"author":[{"embeddable":true,"href":"https:\/\/www.unionjumelages.com\/index.php\/wp-json\/wp\/v2\/users\/1"}],"replies":[{"embeddable":true,"href":"https:\/\/www.unionjumelages.com\/index.php\/wp-json\/wp\/v2\/comments?post=11910"}],"version-history":[{"count":25,"href":"https:\/\/www.unionjumelages.com\/index.php\/wp-json\/wp\/v2\/posts\/11910\/revisions"}],"predecessor-version":[{"id":12006,"href":"https:\/\/www.unionjumelages.com\/index.php\/wp-json\/wp\/v2\/posts\/11910\/revisions\/12006"}],"wp:featuredmedia":[{"embeddable":true,"href":"https:\/\/www.unionjumelages.com\/index.php\/wp-json\/wp\/v2\/media\/11912"}],"wp:attachment":[{"href":"https:\/\/www.unionjumelages.com\/index.php\/wp-json\/wp\/v2\/media?parent=11910"}],"wp:term":[{"taxonomy":"category","embeddable":true,"href":"https:\/\/www.unionjumelages.com\/index.php\/wp-json\/wp\/v2\/categories?post=11910"},{"taxonomy":"post_tag","embeddable":true,"href":"https:\/\/www.unionjumelages.com\/index.php\/wp-json\/wp\/v2\/tags?post=11910"}],"curies":[{"name":"wp","href":"https:\/\/api.w.org\/{rel}","templated":true}]}}